{"id":4696,"date":"2025-01-08T14:05:12","date_gmt":"2025-01-08T13:05:12","guid":{"rendered":"https:\/\/www.capacityexpo.com\/projects\/bert-friends-concert\/"},"modified":"2025-01-08T14:05:12","modified_gmt":"2025-01-08T13:05:12","slug":"bert-friends-concert","status":"publish","type":"post","link":"https:\/\/www.capacityexpo.com\/en\/projects\/bert-friends-concert\/","title":{"rendered":"Bert &amp; Friends Concert"},"content":{"rendered":"\t\t<div data-elementor-type=\"wp-post\" data-elementor-id=\"4696\" class=\"elementor elementor-4696 elementor-4667\" data-elementor-post-type=\"post\">\n\t\t\t\t\t\t<section data-particle_enable=\"false\" data-particle-mobile-disabled=\"false\" class=\"elementor-section elementor-top-section elementor-element elementor-element-cb1a4e0 elementor-section-height-min-height elementor-section-boxed elementor-section-height-default elementor-section-items-middle\" data-id=\"cb1a4e0\" data-element_type=\"section\" data-settings=\"{&quot;background_background&quot;:&quot;classic&quot;}\">\n\t\t\t\t\t\t\t<div class=\"elementor-background-overlay\"><\/div>\n\t\t\t\t\t\t\t<div class=\"elementor-container elementor-column-gap-default\">\n\t\t\t\t\t<div class=\"elementor-column elementor-col-100 elementor-top-column elementor-element elementor-element-68b989d\" data-id=\"68b989d\" data-element_type=\"column\">\n\t\t\t<div class=\"elementor-widget-wrap elementor-element-populated\">\n\t\t\t\t\t\t<div class=\"elementor-element elementor-element-f64682c elementor-widget elementor-widget-heading\" data-id=\"f64682c\" data-element_type=\"widget\" data-widget_type=\"heading.default\">\n\t\t\t\t<div class=\"elementor-widget-container\">\n\t\t\t\t\t<h1 class=\"elementor-heading-title elementor-size-default\">Bert &amp; Friends Concert<\/h1>\t\t\t\t<\/div>\n\t\t\t\t<\/div>\n\t\t\t\t\t<\/div>\n\t\t<\/div>\n\t\t\t\t\t<\/div>\n\t\t<\/section>\n\t\t\t\t<section data-particle_enable=\"false\" data-particle-mobile-disabled=\"false\" class=\"elementor-section elementor-top-section elementor-element elementor-element-75e29f1b elementor-reverse-mobile_extra elementor-reverse-mobile elementor-section-boxed elementor-section-height-default elementor-section-height-default\" data-id=\"75e29f1b\" data-element_type=\"section\">\n\t\t\t\t\t\t<div class=\"elementor-container elementor-column-gap-default\">\n\t\t\t\t\t<div class=\"elementor-column elementor-col-50 elementor-top-column elementor-element elementor-element-159da1a left-col\" data-id=\"159da1a\" data-element_type=\"column\">\n\t\t\t<div class=\"elementor-widget-wrap elementor-element-populated\">\n\t\t\t\t\t\t<div class=\"elementor-element elementor-element-0b58a90 gallery-spacing-custom elementor-widget elementor-widget-image-gallery\" data-id=\"0b58a90\" data-element_type=\"widget\" data-widget_type=\"image-gallery.default\">\n\t\t\t\t<div class=\"elementor-widget-container\">\n\t\t\t\t\t\t\t<div class=\"elementor-image-gallery\">\n\t\t\t<div id='gallery-1' class='gallery galleryid-4696 gallery-columns-1 gallery-size-full'><figure class='gallery-item'>\n\t\t\t<div class='gallery-icon landscape'>\n\t\t\t\t<img fetchpriority=\"high\" decoding=\"async\" width=\"2048\" height=\"1365\" src=\"https:\/\/www.capacityexpo.com\/wp-content\/uploads\/2025\/01\/02-Koncert-Bert-Friends.webp\" class=\"attachment-full size-full\" alt=\"\" srcset=\"https:\/\/www.capacityexpo.com\/wp-content\/uploads\/2025\/01\/02-Koncert-Bert-Friends.webp 2048w, https:\/\/www.capacityexpo.com\/wp-content\/uploads\/2025\/01\/02-Koncert-Bert-Friends-300x200.webp 300w, https:\/\/www.capacityexpo.com\/wp-content\/uploads\/2025\/01\/02-Koncert-Bert-Friends-1024x683.webp 1024w, https:\/\/www.capacityexpo.com\/wp-content\/uploads\/2025\/01\/02-Koncert-Bert-Friends-768x512.webp 768w, https:\/\/www.capacityexpo.com\/wp-content\/uploads\/2025\/01\/02-Koncert-Bert-Friends-1536x1024.webp 1536w\" sizes=\"(max-width: 2048px) 100vw, 2048px\" \/>\n\t\t\t<\/div><\/figure><figure class='gallery-item'>\n\t\t\t<div class='gallery-icon landscape'>\n\t\t\t\t<img decoding=\"async\" width=\"2048\" height=\"1365\" src=\"https:\/\/www.capacityexpo.com\/wp-content\/uploads\/2025\/01\/03-Koncert-Bert-Friends.webp\" class=\"attachment-full size-full\" alt=\"\" srcset=\"https:\/\/www.capacityexpo.com\/wp-content\/uploads\/2025\/01\/03-Koncert-Bert-Friends.webp 2048w, https:\/\/www.capacityexpo.com\/wp-content\/uploads\/2025\/01\/03-Koncert-Bert-Friends-300x200.webp 300w, https:\/\/www.capacityexpo.com\/wp-content\/uploads\/2025\/01\/03-Koncert-Bert-Friends-1024x683.webp 1024w, https:\/\/www.capacityexpo.com\/wp-content\/uploads\/2025\/01\/03-Koncert-Bert-Friends-768x512.webp 768w, https:\/\/www.capacityexpo.com\/wp-content\/uploads\/2025\/01\/03-Koncert-Bert-Friends-1536x1024.webp 1536w\" sizes=\"(max-width: 2048px) 100vw, 2048px\" \/>\n\t\t\t<\/div><\/figure><figure class='gallery-item'>\n\t\t\t<div class='gallery-icon landscape'>\n\t\t\t\t<img decoding=\"async\" width=\"2048\" height=\"1365\" src=\"https:\/\/www.capacityexpo.com\/wp-content\/uploads\/2025\/01\/04-Koncert-Bert-Friends.webp\" class=\"attachment-full size-full\" alt=\"\" srcset=\"https:\/\/www.capacityexpo.com\/wp-content\/uploads\/2025\/01\/04-Koncert-Bert-Friends.webp 2048w, https:\/\/www.capacityexpo.com\/wp-content\/uploads\/2025\/01\/04-Koncert-Bert-Friends-300x200.webp 300w, https:\/\/www.capacityexpo.com\/wp-content\/uploads\/2025\/01\/04-Koncert-Bert-Friends-1024x683.webp 1024w, https:\/\/www.capacityexpo.com\/wp-content\/uploads\/2025\/01\/04-Koncert-Bert-Friends-768x512.webp 768w, https:\/\/www.capacityexpo.com\/wp-content\/uploads\/2025\/01\/04-Koncert-Bert-Friends-1536x1024.webp 1536w\" sizes=\"(max-width: 2048px) 100vw, 2048px\" \/>\n\t\t\t<\/div><\/figure><figure class='gallery-item'>\n\t\t\t<div class='gallery-icon landscape'>\n\t\t\t\t<img loading=\"lazy\" decoding=\"async\" width=\"2048\" height=\"1365\" src=\"https:\/\/www.capacityexpo.com\/wp-content\/uploads\/2025\/01\/05-Koncert-Bert-Friends.webp\" class=\"attachment-full size-full\" alt=\"\" srcset=\"https:\/\/www.capacityexpo.com\/wp-content\/uploads\/2025\/01\/05-Koncert-Bert-Friends.webp 2048w, https:\/\/www.capacityexpo.com\/wp-content\/uploads\/2025\/01\/05-Koncert-Bert-Friends-300x200.webp 300w, https:\/\/www.capacityexpo.com\/wp-content\/uploads\/2025\/01\/05-Koncert-Bert-Friends-1024x683.webp 1024w, https:\/\/www.capacityexpo.com\/wp-content\/uploads\/2025\/01\/05-Koncert-Bert-Friends-768x512.webp 768w, https:\/\/www.capacityexpo.com\/wp-content\/uploads\/2025\/01\/05-Koncert-Bert-Friends-1536x1024.webp 1536w\" sizes=\"(max-width: 2048px) 100vw, 2048px\" \/>\n\t\t\t<\/div><\/figure><figure class='gallery-item'>\n\t\t\t<div class='gallery-icon landscape'>\n\t\t\t\t<img loading=\"lazy\" decoding=\"async\" width=\"3500\" height=\"2333\" src=\"https:\/\/www.capacityexpo.com\/wp-content\/uploads\/2025\/01\/07-Koncert-Bert-Friends.webp\" class=\"attachment-full size-full\" alt=\"\" srcset=\"https:\/\/www.capacityexpo.com\/wp-content\/uploads\/2025\/01\/07-Koncert-Bert-Friends.webp 3500w, https:\/\/www.capacityexpo.com\/wp-content\/uploads\/2025\/01\/07-Koncert-Bert-Friends-300x200.webp 300w, https:\/\/www.capacityexpo.com\/wp-content\/uploads\/2025\/01\/07-Koncert-Bert-Friends-1024x683.webp 1024w, https:\/\/www.capacityexpo.com\/wp-content\/uploads\/2025\/01\/07-Koncert-Bert-Friends-768x512.webp 768w, https:\/\/www.capacityexpo.com\/wp-content\/uploads\/2025\/01\/07-Koncert-Bert-Friends-1536x1024.webp 1536w, https:\/\/www.capacityexpo.com\/wp-content\/uploads\/2025\/01\/07-Koncert-Bert-Friends-2048x1365.webp 2048w\" sizes=\"(max-width: 3500px) 100vw, 3500px\" \/>\n\t\t\t<\/div><\/figure><figure class='gallery-item'>\n\t\t\t<div class='gallery-icon landscape'>\n\t\t\t\t<img loading=\"lazy\" decoding=\"async\" width=\"3500\" height=\"2333\" src=\"https:\/\/www.capacityexpo.com\/wp-content\/uploads\/2025\/01\/08-Koncert-Bert-Friends.webp\" class=\"attachment-full size-full\" alt=\"\" srcset=\"https:\/\/www.capacityexpo.com\/wp-content\/uploads\/2025\/01\/08-Koncert-Bert-Friends.webp 3500w, https:\/\/www.capacityexpo.com\/wp-content\/uploads\/2025\/01\/08-Koncert-Bert-Friends-300x200.webp 300w, https:\/\/www.capacityexpo.com\/wp-content\/uploads\/2025\/01\/08-Koncert-Bert-Friends-1024x683.webp 1024w, https:\/\/www.capacityexpo.com\/wp-content\/uploads\/2025\/01\/08-Koncert-Bert-Friends-768x512.webp 768w, https:\/\/www.capacityexpo.com\/wp-content\/uploads\/2025\/01\/08-Koncert-Bert-Friends-1536x1024.webp 1536w, https:\/\/www.capacityexpo.com\/wp-content\/uploads\/2025\/01\/08-Koncert-Bert-Friends-2048x1365.webp 2048w\" sizes=\"(max-width: 3500px) 100vw, 3500px\" \/>\n\t\t\t<\/div><\/figure>\n\t\t<\/div>\n\t\t<\/div>\n\t\t\t\t\t\t<\/div>\n\t\t\t\t<\/div>\n\t\t\t\t\t<\/div>\n\t\t<\/div>\n\t\t\t\t<div class=\"elementor-column elementor-col-50 elementor-top-column elementor-element elementor-element-53568ee1 right-col\" data-id=\"53568ee1\" data-element_type=\"column\">\n\t\t\t<div class=\"elementor-widget-wrap elementor-element-populated\">\n\t\t\t\t\t\t<section data-particle_enable=\"false\" data-particle-mobile-disabled=\"false\" class=\"elementor-section elementor-inner-section elementor-element elementor-element-cefb4b5 elementor-section-boxed elementor-section-height-default elementor-section-height-default\" data-id=\"cefb4b5\" data-element_type=\"section\">\n\t\t\t\t\t\t<div class=\"elementor-container elementor-column-gap-default\">\n\t\t\t\t\t<div class=\"elementor-column elementor-col-100 elementor-inner-column elementor-element elementor-element-656de6b w-sticky\" data-id=\"656de6b\" data-element_type=\"column\">\n\t\t\t<div class=\"elementor-widget-wrap elementor-element-populated\">\n\t\t\t\t\t\t<div class=\"elementor-element elementor-element-fb5e6dc elementor-widget elementor-widget-heading\" data-id=\"fb5e6dc\" data-element_type=\"widget\" data-widget_type=\"heading.default\">\n\t\t\t\t<div class=\"elementor-widget-container\">\n\t\t\t\t\t<h3 class=\"elementor-heading-title elementor-size-default\">Bert &amp; Friends Concert<\/h3>\t\t\t\t<\/div>\n\t\t\t\t<\/div>\n\t\t\t\t<div class=\"elementor-element elementor-element-b5a347f elementor-widget-tablet_extra__width-initial elementor-widget elementor-widget-global elementor-global-809 elementor-widget-spacer\" data-id=\"b5a347f\" data-element_type=\"widget\" data-widget_type=\"spacer.default\">\n\t\t\t\t<div class=\"elementor-widget-container\">\n\t\t\t\t\t\t\t<div class=\"elementor-spacer\">\n\t\t\t<div class=\"elementor-spacer-inner\"><\/div>\n\t\t<\/div>\n\t\t\t\t\t\t<\/div>\n\t\t\t\t<\/div>\n\t\t\t\t<div class=\"elementor-element elementor-element-bfdeb60 elementor-widget elementor-widget-heading\" data-id=\"bfdeb60\" data-element_type=\"widget\" data-widget_type=\"heading.default\">\n\t\t\t\t<div class=\"elementor-widget-container\">\n\t\t\t\t\t<p class=\"elementor-heading-title elementor-size-default\">Stage design realization for the concert of the band Bert &amp; Friends.<\/p>\t\t\t\t<\/div>\n\t\t\t\t<\/div>\n\t\t\t\t<div class=\"elementor-element elementor-element-27e4766 elementor-widget-tablet_extra__width-initial elementor-widget elementor-widget-global elementor-global-809 elementor-widget-spacer\" data-id=\"27e4766\" data-element_type=\"widget\" data-widget_type=\"spacer.default\">\n\t\t\t\t<div class=\"elementor-widget-container\">\n\t\t\t\t\t\t\t<div class=\"elementor-spacer\">\n\t\t\t<div class=\"elementor-spacer-inner\"><\/div>\n\t\t<\/div>\n\t\t\t\t\t\t<\/div>\n\t\t\t\t<\/div>\n\t\t\t\t<div class=\"elementor-element elementor-element-56efec0 elementor-widget elementor-widget-text-editor\" data-id=\"56efec0\" data-element_type=\"widget\" data-widget_type=\"text-editor.default\">\n\t\t\t\t<div class=\"elementor-widget-container\">\n\t\t\t\t\t\t\t\t\t<p>Year of realization:<\/p>\n\t\t\t\t\t\t\t\t<\/div>\n\t\t\t\t<\/div>\n\t\t\t\t<div class=\"elementor-element elementor-element-7304b98 elementor-widget elementor-widget-text-editor\" data-id=\"7304b98\" data-element_type=\"widget\" data-widget_type=\"text-editor.default\">\n\t\t\t\t<div class=\"elementor-widget-container\">\n\t\t\t\t\t\t\t\t\t<p>2024<\/p>\n\t\t\t\t\t\t\t\t<\/div>\n\t\t\t\t<\/div>\n\t\t\t\t<div class=\"elementor-element elementor-element-651446f elementor-widget-tablet_extra__width-initial elementor-widget elementor-widget-global elementor-global-809 elementor-widget-spacer\" data-id=\"651446f\" data-element_type=\"widget\" data-widget_type=\"spacer.default\">\n\t\t\t\t<div class=\"elementor-widget-container\">\n\t\t\t\t\t\t\t<div class=\"elementor-spacer\">\n\t\t\t<div class=\"elementor-spacer-inner\"><\/div>\n\t\t<\/div>\n\t\t\t\t\t\t<\/div>\n\t\t\t\t<\/div>\n\t\t\t\t<div class=\"elementor-element elementor-element-13b9d46 elementor-widget elementor-widget-text-editor\" data-id=\"13b9d46\" data-element_type=\"widget\" data-widget_type=\"text-editor.default\">\n\t\t\t\t<div class=\"elementor-widget-container\">\n\t\t\t\t\t\t\t\t\t\n<p>Location:<\/p>\n\t\t\t\t\t\t\t\t<\/div>\n\t\t\t\t<\/div>\n\t\t\t\t<div class=\"elementor-element elementor-element-6246b38 elementor-widget elementor-widget-text-editor\" data-id=\"6246b38\" data-element_type=\"widget\" data-widget_type=\"text-editor.default\">\n\t\t\t\t<div class=\"elementor-widget-container\">\n\t\t\t\t\t\t\t\t\t<p>Forum Karl\u00edn, Prague<\/p>\n\t\t\t\t\t\t\t\t<\/div>\n\t\t\t\t<\/div>\n\t\t\t\t<div class=\"elementor-element elementor-element-960fb29 elementor-widget-tablet_extra__width-initial elementor-widget elementor-widget-global elementor-global-809 elementor-widget-spacer\" data-id=\"960fb29\" data-element_type=\"widget\" data-widget_type=\"spacer.default\">\n\t\t\t\t<div class=\"elementor-widget-container\">\n\t\t\t\t\t\t\t<div class=\"elementor-spacer\">\n\t\t\t<div class=\"elementor-spacer-inner\"><\/div>\n\t\t<\/div>\n\t\t\t\t\t\t<\/div>\n\t\t\t\t<\/div>\n\t\t\t\t<div class=\"elementor-element elementor-element-7e167e0 elementor-widget elementor-widget-text-editor\" data-id=\"7e167e0\" data-element_type=\"widget\" data-widget_type=\"text-editor.default\">\n\t\t\t\t<div class=\"elementor-widget-container\">\n\t\t\t\t\t\t\t\t\t\n<p>Scope of realization<\/p>\n\t\t\t\t\t\t\t\t<\/div>\n\t\t\t\t<\/div>\n\t\t\t\t<div class=\"elementor-element elementor-element-0d1c761 elementor-widget elementor-widget-text-editor\" data-id=\"0d1c761\" data-element_type=\"widget\" data-widget_type=\"text-editor.default\">\n\t\t\t\t<div class=\"elementor-widget-container\">\n\t\t\t\t\t\t\t\t\t<p>Stage design execution<\/p>\n\t\t\t\t\t\t\t\t<\/div>\n\t\t\t\t<\/div>\n\t\t\t\t<div class=\"elementor-element elementor-element-8248193 elementor-widget-tablet_extra__width-initial elementor-widget elementor-widget-global elementor-global-809 elementor-widget-spacer\" data-id=\"8248193\" data-element_type=\"widget\" data-widget_type=\"spacer.default\">\n\t\t\t\t<div class=\"elementor-widget-container\">\n\t\t\t\t\t\t\t<div class=\"elementor-spacer\">\n\t\t\t<div class=\"elementor-spacer-inner\"><\/div>\n\t\t<\/div>\n\t\t\t\t\t\t<\/div>\n\t\t\t\t<\/div>\n\t\t\t\t<div class=\"elementor-element elementor-element-77712cd elementor-widget elementor-widget-text-editor\" data-id=\"77712cd\" data-element_type=\"widget\" data-widget_type=\"text-editor.default\">\n\t\t\t\t<div class=\"elementor-widget-container\">\n\t\t\t\t\t\t\t\t\t\n<p>Cooperation:<\/p>\n\t\t\t\t\t\t\t\t<\/div>\n\t\t\t\t<\/div>\n\t\t\t\t<div class=\"elementor-element elementor-element-a190b7f elementor-widget elementor-widget-text-editor\" data-id=\"a190b7f\" data-element_type=\"widget\" data-widget_type=\"text-editor.default\">\n\t\t\t\t<div class=\"elementor-widget-container\">\n\t\t\t\t\t\t\t\t\t<p>Stage design concept &#8211; MgA. Nat\u00e1lie Najbrtov\u00e1 and MgA. Josef\u00edna Karl\u00edkov\u00e1  <\/p>\n\t\t\t\t\t\t\t\t<\/div>\n\t\t\t\t<\/div>\n\t\t\t\t\t<\/div>\n\t\t<\/div>\n\t\t\t\t\t<\/div>\n\t\t<\/section>\n\t\t\t\t<div class=\"elementor-element elementor-element-574050b elementor-widget-tablet_extra__width-initial elementor-widget elementor-widget-global elementor-global-809 elementor-widget-spacer\" data-id=\"574050b\" data-element_type=\"widget\" data-widget_type=\"spacer.default\">\n\t\t\t\t<div class=\"elementor-widget-container\">\n\t\t\t\t\t\t\t<div class=\"elementor-spacer\">\n\t\t\t<div class=\"elementor-spacer-inner\"><\/div>\n\t\t<\/div>\n\t\t\t\t\t\t<\/div>\n\t\t\t\t<\/div>\n\t\t\t\t<div class=\"elementor-element elementor-element-0fbbd84 elementor-widget elementor-widget-text-editor\" data-id=\"0fbbd84\" data-element_type=\"widget\" data-widget_type=\"text-editor.default\">\n\t\t\t\t<div class=\"elementor-widget-container\">\n\t\t\t\t\t\t\t\t\t<p>Client:<\/p>\n\t\t\t\t\t\t\t\t<\/div>\n\t\t\t\t<\/div>\n\t\t\t\t<div class=\"elementor-element elementor-element-d01e2fc elementor-widget elementor-widget-text-editor\" data-id=\"d01e2fc\" data-element_type=\"widget\" data-widget_type=\"text-editor.default\">\n\t\t\t\t<div class=\"elementor-widget-container\">\n\t\t\t\t\t\t\t\t\t<p>Band Bert &amp; Friends<\/p>\n\t\t\t\t\t\t\t\t<\/div>\n\t\t\t\t<\/div>\n\t\t\t\t\t<\/div>\n\t\t<\/div>\n\t\t\t\t\t<\/div>\n\t\t<\/section>\n\t\t\t\t<\/div>\n\t\t","protected":false},"excerpt":{"rendered":"<p>Stage design realization for the concert of the band Bert &amp; Friends.<\/p>\n","protected":false},"author":4,"featured_media":4670,"comment_status":"closed","ping_status":"closed","sticky":false,"template":"","format":"standard","meta":{"_acf_changed":false,"inline_featured_image":false,"footnotes":""},"categories":[2],"tags":[35],"class_list":["post-4696","post","type-post","status-publish","format-standard","has-post-thumbnail","hentry","category-projects","tag-special-projects"],"acf":[],"yoast_head":"<!-- This site is optimized with the Yoast SEO plugin v27.2 - https:\/\/yoast.com\/product\/yoast-seo-wordpress\/ -->\n<title>Bert &amp; Friends Concert - Capacity Expo<\/title>\n<meta name=\"robots\" content=\"index, follow, max-snippet:-1, max-image-preview:large, max-video-preview:-1\" \/>\n<link rel=\"canonical\" href=\"https:\/\/www.capacityexpo.com\/en\/projects\/bert-friends-concert\/\" \/>\n<meta property=\"og:locale\" content=\"en_US\" \/>\n<meta property=\"og:type\" content=\"article\" \/>\n<meta property=\"og:title\" content=\"Bert &amp; Friends Concert - Capacity Expo\" \/>\n<meta property=\"og:description\" content=\"Stage design realization for the concert of the band Bert &amp; Friends.\" \/>\n<meta property=\"og:url\" content=\"https:\/\/www.capacityexpo.com\/en\/projects\/bert-friends-concert\/\" \/>\n<meta property=\"og:site_name\" content=\"Capacity Expo\" \/>\n<meta property=\"article:published_time\" content=\"2025-01-08T13:05:12+00:00\" \/>\n<meta property=\"og:image\" content=\"https:\/\/www.capacityexpo.com\/wp-content\/uploads\/2025\/01\/01_uvodni-foto-Koncert-Bert-Friends.webp\" \/>\n\t<meta property=\"og:image:width\" content=\"2048\" \/>\n\t<meta property=\"og:image:height\" content=\"1365\" \/>\n\t<meta property=\"og:image:type\" content=\"image\/webp\" \/>\n<meta name=\"author\" content=\"vit.bubenicek@wwworks-vyvoj.cz\" \/>\n<meta name=\"twitter:card\" content=\"summary_large_image\" \/>\n<meta name=\"twitter:label1\" content=\"Written by\" \/>\n\t<meta name=\"twitter:data1\" content=\"vit.bubenicek@wwworks-vyvoj.cz\" \/>\n<script type=\"application\/ld+json\" class=\"yoast-schema-graph\">{\"@context\":\"https:\/\/schema.org\",\"@graph\":[{\"@type\":\"Article\",\"@id\":\"https:\/\/www.capacityexpo.com\/en\/projects\/bert-friends-concert\/#article\",\"isPartOf\":{\"@id\":\"https:\/\/www.capacityexpo.com\/en\/projects\/bert-friends-concert\/\"},\"author\":{\"name\":\"vit.bubenicek@wwworks-vyvoj.cz\",\"@id\":\"https:\/\/www.capacityexpo.com\/#\/schema\/person\/545d4aa069b5cdae4765dc659c13e7f2\"},\"headline\":\"Bert &amp; Friends Concert\",\"datePublished\":\"2025-01-08T13:05:12+00:00\",\"mainEntityOfPage\":{\"@id\":\"https:\/\/www.capacityexpo.com\/en\/projects\/bert-friends-concert\/\"},\"wordCount\":38,\"publisher\":{\"@id\":\"https:\/\/www.capacityexpo.com\/#organization\"},\"image\":{\"@id\":\"https:\/\/www.capacityexpo.com\/en\/projects\/bert-friends-concert\/#primaryimage\"},\"thumbnailUrl\":\"https:\/\/www.capacityexpo.com\/wp-content\/uploads\/2025\/01\/01_uvodni-foto-Koncert-Bert-Friends.webp\",\"keywords\":[\"special projects\"],\"articleSection\":[\"Projects\"],\"inLanguage\":\"en-US\"},{\"@type\":\"WebPage\",\"@id\":\"https:\/\/www.capacityexpo.com\/en\/projects\/bert-friends-concert\/\",\"url\":\"https:\/\/www.capacityexpo.com\/en\/projects\/bert-friends-concert\/\",\"name\":\"Bert &amp; Friends Concert - Capacity Expo\",\"isPartOf\":{\"@id\":\"https:\/\/www.capacityexpo.com\/#website\"},\"primaryImageOfPage\":{\"@id\":\"https:\/\/www.capacityexpo.com\/en\/projects\/bert-friends-concert\/#primaryimage\"},\"image\":{\"@id\":\"https:\/\/www.capacityexpo.com\/en\/projects\/bert-friends-concert\/#primaryimage\"},\"thumbnailUrl\":\"https:\/\/www.capacityexpo.com\/wp-content\/uploads\/2025\/01\/01_uvodni-foto-Koncert-Bert-Friends.webp\",\"datePublished\":\"2025-01-08T13:05:12+00:00\",\"breadcrumb\":{\"@id\":\"https:\/\/www.capacityexpo.com\/en\/projects\/bert-friends-concert\/#breadcrumb\"},\"inLanguage\":\"en-US\",\"potentialAction\":[{\"@type\":\"ReadAction\",\"target\":[\"https:\/\/www.capacityexpo.com\/en\/projects\/bert-friends-concert\/\"]}]},{\"@type\":\"ImageObject\",\"inLanguage\":\"en-US\",\"@id\":\"https:\/\/www.capacityexpo.com\/en\/projects\/bert-friends-concert\/#primaryimage\",\"url\":\"https:\/\/www.capacityexpo.com\/wp-content\/uploads\/2025\/01\/01_uvodni-foto-Koncert-Bert-Friends.webp\",\"contentUrl\":\"https:\/\/www.capacityexpo.com\/wp-content\/uploads\/2025\/01\/01_uvodni-foto-Koncert-Bert-Friends.webp\",\"width\":2048,\"height\":1365},{\"@type\":\"BreadcrumbList\",\"@id\":\"https:\/\/www.capacityexpo.com\/en\/projects\/bert-friends-concert\/#breadcrumb\",\"itemListElement\":[{\"@type\":\"ListItem\",\"position\":1,\"name\":\"Dom\u016f\",\"item\":\"https:\/\/www.capacityexpo.com\/en\/capacity-expo\/\"},{\"@type\":\"ListItem\",\"position\":2,\"name\":\"Bert &amp; Friends Concert\"}]},{\"@type\":\"WebSite\",\"@id\":\"https:\/\/www.capacityexpo.com\/#website\",\"url\":\"https:\/\/www.capacityexpo.com\/\",\"name\":\"Capacity Expo\",\"description\":\"Ji\u017e od roku 2014 navrhujeme a realizujeme   muzejn\u00ed a v\u00fdstavn\u00ed expozice\",\"publisher\":{\"@id\":\"https:\/\/www.capacityexpo.com\/#organization\"},\"potentialAction\":[{\"@type\":\"SearchAction\",\"target\":{\"@type\":\"EntryPoint\",\"urlTemplate\":\"https:\/\/www.capacityexpo.com\/?s={search_term_string}\"},\"query-input\":{\"@type\":\"PropertyValueSpecification\",\"valueRequired\":true,\"valueName\":\"search_term_string\"}}],\"inLanguage\":\"en-US\"},{\"@type\":\"Organization\",\"@id\":\"https:\/\/www.capacityexpo.com\/#organization\",\"name\":\"Capacity Expo\",\"url\":\"https:\/\/www.capacityexpo.com\/\",\"logo\":{\"@type\":\"ImageObject\",\"inLanguage\":\"en-US\",\"@id\":\"https:\/\/www.capacityexpo.com\/#\/schema\/logo\/image\/\",\"url\":\"https:\/\/www.capacityexpo.com\/wp-content\/uploads\/capacity_expo-logo-oneline.png\",\"contentUrl\":\"https:\/\/www.capacityexpo.com\/wp-content\/uploads\/capacity_expo-logo-oneline.png\",\"width\":2057,\"height\":304,\"caption\":\"Capacity Expo\"},\"image\":{\"@id\":\"https:\/\/www.capacityexpo.com\/#\/schema\/logo\/image\/\"}},{\"@type\":\"Person\",\"@id\":\"https:\/\/www.capacityexpo.com\/#\/schema\/person\/545d4aa069b5cdae4765dc659c13e7f2\",\"name\":\"vit.bubenicek@wwworks-vyvoj.cz\",\"image\":{\"@type\":\"ImageObject\",\"inLanguage\":\"en-US\",\"@id\":\"https:\/\/secure.gravatar.com\/avatar\/9b2a6f5f84eed6f34deb36f7c1c6ce9c042e8581c921dc9642d293c826f7fbae?s=96&d=mm&r=g\",\"url\":\"https:\/\/secure.gravatar.com\/avatar\/9b2a6f5f84eed6f34deb36f7c1c6ce9c042e8581c921dc9642d293c826f7fbae?s=96&d=mm&r=g\",\"contentUrl\":\"https:\/\/secure.gravatar.com\/avatar\/9b2a6f5f84eed6f34deb36f7c1c6ce9c042e8581c921dc9642d293c826f7fbae?s=96&d=mm&r=g\",\"caption\":\"vit.bubenicek@wwworks-vyvoj.cz\"},\"url\":\"https:\/\/www.capacityexpo.com\/en\/author\/vit-bubenicekwwworks-cz\/\"}]}<\/script>\n<!-- \/ Yoast SEO plugin. -->","yoast_head_json":{"title":"Bert &amp; Friends Concert - Capacity Expo","robots":{"index":"index","follow":"follow","max-snippet":"max-snippet:-1","max-image-preview":"max-image-preview:large","max-video-preview":"max-video-preview:-1"},"canonical":"https:\/\/www.capacityexpo.com\/en\/projects\/bert-friends-concert\/","og_locale":"en_US","og_type":"article","og_title":"Bert &amp; Friends Concert - Capacity Expo","og_description":"Stage design realization for the concert of the band Bert &amp; Friends.","og_url":"https:\/\/www.capacityexpo.com\/en\/projects\/bert-friends-concert\/","og_site_name":"Capacity Expo","article_published_time":"2025-01-08T13:05:12+00:00","og_image":[{"width":2048,"height":1365,"url":"https:\/\/www.capacityexpo.com\/wp-content\/uploads\/2025\/01\/01_uvodni-foto-Koncert-Bert-Friends.webp","type":"image\/webp"}],"author":"vit.bubenicek@wwworks-vyvoj.cz","twitter_card":"summary_large_image","twitter_misc":{"Written by":"vit.bubenicek@wwworks-vyvoj.cz"},"schema":{"@context":"https:\/\/schema.org","@graph":[{"@type":"Article","@id":"https:\/\/www.capacityexpo.com\/en\/projects\/bert-friends-concert\/#article","isPartOf":{"@id":"https:\/\/www.capacityexpo.com\/en\/projects\/bert-friends-concert\/"},"author":{"name":"vit.bubenicek@wwworks-vyvoj.cz","@id":"https:\/\/www.capacityexpo.com\/#\/schema\/person\/545d4aa069b5cdae4765dc659c13e7f2"},"headline":"Bert &amp; Friends Concert","datePublished":"2025-01-08T13:05:12+00:00","mainEntityOfPage":{"@id":"https:\/\/www.capacityexpo.com\/en\/projects\/bert-friends-concert\/"},"wordCount":38,"publisher":{"@id":"https:\/\/www.capacityexpo.com\/#organization"},"image":{"@id":"https:\/\/www.capacityexpo.com\/en\/projects\/bert-friends-concert\/#primaryimage"},"thumbnailUrl":"https:\/\/www.capacityexpo.com\/wp-content\/uploads\/2025\/01\/01_uvodni-foto-Koncert-Bert-Friends.webp","keywords":["special projects"],"articleSection":["Projects"],"inLanguage":"en-US"},{"@type":"WebPage","@id":"https:\/\/www.capacityexpo.com\/en\/projects\/bert-friends-concert\/","url":"https:\/\/www.capacityexpo.com\/en\/projects\/bert-friends-concert\/","name":"Bert &amp; Friends Concert - Capacity Expo","isPartOf":{"@id":"https:\/\/www.capacityexpo.com\/#website"},"primaryImageOfPage":{"@id":"https:\/\/www.capacityexpo.com\/en\/projects\/bert-friends-concert\/#primaryimage"},"image":{"@id":"https:\/\/www.capacityexpo.com\/en\/projects\/bert-friends-concert\/#primaryimage"},"thumbnailUrl":"https:\/\/www.capacityexpo.com\/wp-content\/uploads\/2025\/01\/01_uvodni-foto-Koncert-Bert-Friends.webp","datePublished":"2025-01-08T13:05:12+00:00","breadcrumb":{"@id":"https:\/\/www.capacityexpo.com\/en\/projects\/bert-friends-concert\/#breadcrumb"},"inLanguage":"en-US","potentialAction":[{"@type":"ReadAction","target":["https:\/\/www.capacityexpo.com\/en\/projects\/bert-friends-concert\/"]}]},{"@type":"ImageObject","inLanguage":"en-US","@id":"https:\/\/www.capacityexpo.com\/en\/projects\/bert-friends-concert\/#primaryimage","url":"https:\/\/www.capacityexpo.com\/wp-content\/uploads\/2025\/01\/01_uvodni-foto-Koncert-Bert-Friends.webp","contentUrl":"https:\/\/www.capacityexpo.com\/wp-content\/uploads\/2025\/01\/01_uvodni-foto-Koncert-Bert-Friends.webp","width":2048,"height":1365},{"@type":"BreadcrumbList","@id":"https:\/\/www.capacityexpo.com\/en\/projects\/bert-friends-concert\/#breadcrumb","itemListElement":[{"@type":"ListItem","position":1,"name":"Dom\u016f","item":"https:\/\/www.capacityexpo.com\/en\/capacity-expo\/"},{"@type":"ListItem","position":2,"name":"Bert &amp; Friends Concert"}]},{"@type":"WebSite","@id":"https:\/\/www.capacityexpo.com\/#website","url":"https:\/\/www.capacityexpo.com\/","name":"Capacity Expo","description":"Ji\u017e od roku 2014 navrhujeme a realizujeme   muzejn\u00ed a v\u00fdstavn\u00ed expozice","publisher":{"@id":"https:\/\/www.capacityexpo.com\/#organization"},"potentialAction":[{"@type":"SearchAction","target":{"@type":"EntryPoint","urlTemplate":"https:\/\/www.capacityexpo.com\/?s={search_term_string}"},"query-input":{"@type":"PropertyValueSpecification","valueRequired":true,"valueName":"search_term_string"}}],"inLanguage":"en-US"},{"@type":"Organization","@id":"https:\/\/www.capacityexpo.com\/#organization","name":"Capacity Expo","url":"https:\/\/www.capacityexpo.com\/","logo":{"@type":"ImageObject","inLanguage":"en-US","@id":"https:\/\/www.capacityexpo.com\/#\/schema\/logo\/image\/","url":"https:\/\/www.capacityexpo.com\/wp-content\/uploads\/capacity_expo-logo-oneline.png","contentUrl":"https:\/\/www.capacityexpo.com\/wp-content\/uploads\/capacity_expo-logo-oneline.png","width":2057,"height":304,"caption":"Capacity Expo"},"image":{"@id":"https:\/\/www.capacityexpo.com\/#\/schema\/logo\/image\/"}},{"@type":"Person","@id":"https:\/\/www.capacityexpo.com\/#\/schema\/person\/545d4aa069b5cdae4765dc659c13e7f2","name":"vit.bubenicek@wwworks-vyvoj.cz","image":{"@type":"ImageObject","inLanguage":"en-US","@id":"https:\/\/secure.gravatar.com\/avatar\/9b2a6f5f84eed6f34deb36f7c1c6ce9c042e8581c921dc9642d293c826f7fbae?s=96&d=mm&r=g","url":"https:\/\/secure.gravatar.com\/avatar\/9b2a6f5f84eed6f34deb36f7c1c6ce9c042e8581c921dc9642d293c826f7fbae?s=96&d=mm&r=g","contentUrl":"https:\/\/secure.gravatar.com\/avatar\/9b2a6f5f84eed6f34deb36f7c1c6ce9c042e8581c921dc9642d293c826f7fbae?s=96&d=mm&r=g","caption":"vit.bubenicek@wwworks-vyvoj.cz"},"url":"https:\/\/www.capacityexpo.com\/en\/author\/vit-bubenicekwwworks-cz\/"}]}},"_links":{"self":[{"href":"https:\/\/www.capacityexpo.com\/en\/wp-json\/wp\/v2\/posts\/4696","targetHints":{"allow":["GET"]}}],"collection":[{"href":"https:\/\/www.capacityexpo.com\/en\/wp-json\/wp\/v2\/posts"}],"about":[{"href":"https:\/\/www.capacityexpo.com\/en\/wp-json\/wp\/v2\/types\/post"}],"author":[{"embeddable":true,"href":"https:\/\/www.capacityexpo.com\/en\/wp-json\/wp\/v2\/users\/4"}],"replies":[{"embeddable":true,"href":"https:\/\/www.capacityexpo.com\/en\/wp-json\/wp\/v2\/comments?post=4696"}],"version-history":[{"count":1,"href":"https:\/\/www.capacityexpo.com\/en\/wp-json\/wp\/v2\/posts\/4696\/revisions"}],"predecessor-version":[{"id":4697,"href":"https:\/\/www.capacityexpo.com\/en\/wp-json\/wp\/v2\/posts\/4696\/revisions\/4697"}],"wp:featuredmedia":[{"embeddable":true,"href":"https:\/\/www.capacityexpo.com\/en\/wp-json\/wp\/v2\/media\/4670"}],"wp:attachment":[{"href":"https:\/\/www.capacityexpo.com\/en\/wp-json\/wp\/v2\/media?parent=4696"}],"wp:term":[{"taxonomy":"category","embeddable":true,"href":"https:\/\/www.capacityexpo.com\/en\/wp-json\/wp\/v2\/categories?post=4696"},{"taxonomy":"post_tag","embeddable":true,"href":"https:\/\/www.capacityexpo.com\/en\/wp-json\/wp\/v2\/tags?post=4696"}],"curies":[{"name":"wp","href":"https:\/\/api.w.org\/{rel}","templated":true}]}}