{"id":4401,"date":"2022-08-14T07:58:09","date_gmt":"2022-08-14T05:58:09","guid":{"rendered":"https:\/\/www.capacityexpo.com\/projects\/ethnographic-museum-of-pilsen-region\/"},"modified":"2025-01-08T13:53:05","modified_gmt":"2025-01-08T12:53:05","slug":"ethnographic-museum-of-pilsen-region","status":"publish","type":"post","link":"https:\/\/www.capacityexpo.com\/en\/projects\/ethnographic-museum-of-pilsen-region\/","title":{"rendered":"Ethnographic Museum of Pilsen Region"},"content":{"rendered":"\t\t<div data-elementor-type=\"wp-post\" data-elementor-id=\"4401\" class=\"elementor elementor-4401 elementor-4362\" data-elementor-post-type=\"post\">\n\t\t\t\t\t\t<section data-particle_enable=\"false\" data-particle-mobile-disabled=\"false\" class=\"elementor-section elementor-top-section elementor-element elementor-element-cb1a4e0 elementor-section-height-min-height elementor-section-boxed elementor-section-height-default elementor-section-items-middle\" data-id=\"cb1a4e0\" data-element_type=\"section\" data-settings=\"{&quot;background_background&quot;:&quot;classic&quot;}\">\n\t\t\t\t\t\t\t<div class=\"elementor-background-overlay\"><\/div>\n\t\t\t\t\t\t\t<div class=\"elementor-container elementor-column-gap-default\">\n\t\t\t\t\t<div class=\"elementor-column elementor-col-100 elementor-top-column elementor-element elementor-element-68b989d\" data-id=\"68b989d\" data-element_type=\"column\">\n\t\t\t<div class=\"elementor-widget-wrap elementor-element-populated\">\n\t\t\t\t\t\t<div class=\"elementor-element elementor-element-f64682c elementor-widget elementor-widget-heading\" data-id=\"f64682c\" data-element_type=\"widget\" data-widget_type=\"heading.default\">\n\t\t\t\t<div class=\"elementor-widget-container\">\n\t\t\t\t\t<h1 class=\"elementor-heading-title elementor-size-default\">Ethnographic Museum of Pilsen Region<\/h1>\t\t\t\t<\/div>\n\t\t\t\t<\/div>\n\t\t\t\t\t<\/div>\n\t\t<\/div>\n\t\t\t\t\t<\/div>\n\t\t<\/section>\n\t\t\t\t<section data-particle_enable=\"false\" data-particle-mobile-disabled=\"false\" class=\"elementor-section elementor-top-section elementor-element elementor-element-75e29f1b elementor-reverse-mobile_extra elementor-reverse-mobile elementor-section-boxed elementor-section-height-default elementor-section-height-default\" data-id=\"75e29f1b\" data-element_type=\"section\">\n\t\t\t\t\t\t<div class=\"elementor-container elementor-column-gap-default\">\n\t\t\t\t\t<div class=\"elementor-column elementor-col-50 elementor-top-column elementor-element elementor-element-159da1a left-col\" data-id=\"159da1a\" data-element_type=\"column\">\n\t\t\t<div class=\"elementor-widget-wrap elementor-element-populated\">\n\t\t\t\t\t\t<div class=\"elementor-element elementor-element-0b58a90 gallery-spacing-custom elementor-widget elementor-widget-image-gallery\" data-id=\"0b58a90\" data-element_type=\"widget\" data-widget_type=\"image-gallery.default\">\n\t\t\t\t<div class=\"elementor-widget-container\">\n\t\t\t\t\t\t\t<div class=\"elementor-image-gallery\">\n\t\t\t\n<a data-elementor-open-lightbox=\"yes\" data-elementor-lightbox-slideshow=\"0b58a90\" data-elementor-lightbox-title=\"02 N\u00e1rodopisn\u00e9 muzeum Plze\u0148ska\" data-e-action-hash=\"#elementor-action%3Aaction%3Dlightbox%26settings%3DeyJpZCI6NDM2OCwidXJsIjoiaHR0cHM6XC9cL3d3dy5jYXBhY2l0eWV4cG8uY29tXC93cC1jb250ZW50XC91cGxvYWRzXC8yMDI1XC8wMVwvMDItTmFyb2RvcGlzbmUtbXV6ZXVtLVBsemVuc2thLndlYnAiLCJzbGlkZXNob3ciOiIwYjU4YTkwIn0%3D\" href='https:\/\/www.capacityexpo.com\/wp-content\/uploads\/2025\/01\/02-Narodopisne-muzeum-Plzenska.webp'><img fetchpriority=\"high\" decoding=\"async\" width=\"800\" height=\"534\" src=\"https:\/\/www.capacityexpo.com\/wp-content\/uploads\/2025\/01\/02-Narodopisne-muzeum-Plzenska-1024x683.webp\" class=\"attachment-large size-large\" alt=\"\" srcset=\"https:\/\/www.capacityexpo.com\/wp-content\/uploads\/2025\/01\/02-Narodopisne-muzeum-Plzenska-1024x683.webp 1024w, https:\/\/www.capacityexpo.com\/wp-content\/uploads\/2025\/01\/02-Narodopisne-muzeum-Plzenska-300x200.webp 300w, https:\/\/www.capacityexpo.com\/wp-content\/uploads\/2025\/01\/02-Narodopisne-muzeum-Plzenska-768x512.webp 768w, https:\/\/www.capacityexpo.com\/wp-content\/uploads\/2025\/01\/02-Narodopisne-muzeum-Plzenska-1536x1024.webp 1536w, https:\/\/www.capacityexpo.com\/wp-content\/uploads\/2025\/01\/02-Narodopisne-muzeum-Plzenska-2048x1365.webp 2048w\" sizes=\"(max-width: 800px) 100vw, 800px\" \/><\/a>\n<a data-elementor-open-lightbox=\"yes\" data-elementor-lightbox-slideshow=\"0b58a90\" data-elementor-lightbox-title=\"03 N\u00e1rodopisn\u00e9 muzeum Plze\u0148ska\" data-e-action-hash=\"#elementor-action%3Aaction%3Dlightbox%26settings%3DeyJpZCI6NDM3MSwidXJsIjoiaHR0cHM6XC9cL3d3dy5jYXBhY2l0eWV4cG8uY29tXC93cC1jb250ZW50XC91cGxvYWRzXC8yMDI1XC8wMVwvMDMtTmFyb2RvcGlzbmUtbXV6ZXVtLVBsemVuc2thLndlYnAiLCJzbGlkZXNob3ciOiIwYjU4YTkwIn0%3D\" href='https:\/\/www.capacityexpo.com\/wp-content\/uploads\/2025\/01\/03-Narodopisne-muzeum-Plzenska.webp'><img decoding=\"async\" width=\"800\" height=\"518\" src=\"https:\/\/www.capacityexpo.com\/wp-content\/uploads\/2025\/01\/03-Narodopisne-muzeum-Plzenska-1024x663.webp\" class=\"attachment-large size-large\" alt=\"\" srcset=\"https:\/\/www.capacityexpo.com\/wp-content\/uploads\/2025\/01\/03-Narodopisne-muzeum-Plzenska-1024x663.webp 1024w, https:\/\/www.capacityexpo.com\/wp-content\/uploads\/2025\/01\/03-Narodopisne-muzeum-Plzenska-300x194.webp 300w, https:\/\/www.capacityexpo.com\/wp-content\/uploads\/2025\/01\/03-Narodopisne-muzeum-Plzenska-768x497.webp 768w, https:\/\/www.capacityexpo.com\/wp-content\/uploads\/2025\/01\/03-Narodopisne-muzeum-Plzenska-1536x994.webp 1536w, https:\/\/www.capacityexpo.com\/wp-content\/uploads\/2025\/01\/03-Narodopisne-muzeum-Plzenska-2048x1325.webp 2048w\" sizes=\"(max-width: 800px) 100vw, 800px\" \/><\/a>\n<a data-elementor-open-lightbox=\"yes\" data-elementor-lightbox-slideshow=\"0b58a90\" data-elementor-lightbox-title=\"04 N\u00e1rodopisn\u00e9 muzeum Plze\u0148ska\" data-e-action-hash=\"#elementor-action%3Aaction%3Dlightbox%26settings%3DeyJpZCI6NDM3NCwidXJsIjoiaHR0cHM6XC9cL3d3dy5jYXBhY2l0eWV4cG8uY29tXC93cC1jb250ZW50XC91cGxvYWRzXC8yMDI1XC8wMVwvMDQtTmFyb2RvcGlzbmUtbXV6ZXVtLVBsemVuc2thLndlYnAiLCJzbGlkZXNob3ciOiIwYjU4YTkwIn0%3D\" href='https:\/\/www.capacityexpo.com\/wp-content\/uploads\/2025\/01\/04-Narodopisne-muzeum-Plzenska.webp'><img decoding=\"async\" width=\"800\" height=\"533\" src=\"https:\/\/www.capacityexpo.com\/wp-content\/uploads\/2025\/01\/04-Narodopisne-muzeum-Plzenska-1024x682.webp\" class=\"attachment-large size-large\" alt=\"\" srcset=\"https:\/\/www.capacityexpo.com\/wp-content\/uploads\/2025\/01\/04-Narodopisne-muzeum-Plzenska-1024x682.webp 1024w, https:\/\/www.capacityexpo.com\/wp-content\/uploads\/2025\/01\/04-Narodopisne-muzeum-Plzenska-300x200.webp 300w, https:\/\/www.capacityexpo.com\/wp-content\/uploads\/2025\/01\/04-Narodopisne-muzeum-Plzenska-768x512.webp 768w, https:\/\/www.capacityexpo.com\/wp-content\/uploads\/2025\/01\/04-Narodopisne-muzeum-Plzenska-1536x1024.webp 1536w, https:\/\/www.capacityexpo.com\/wp-content\/uploads\/2025\/01\/04-Narodopisne-muzeum-Plzenska-2048x1365.webp 2048w\" sizes=\"(max-width: 800px) 100vw, 800px\" \/><\/a>\n<a data-elementor-open-lightbox=\"yes\" data-elementor-lightbox-slideshow=\"0b58a90\" data-elementor-lightbox-title=\"05 N\u00e1rodopisn\u00e9 muzeum Plze\u0148ska\" data-e-action-hash=\"#elementor-action%3Aaction%3Dlightbox%26settings%3DeyJpZCI6NDM3NywidXJsIjoiaHR0cHM6XC9cL3d3dy5jYXBhY2l0eWV4cG8uY29tXC93cC1jb250ZW50XC91cGxvYWRzXC8yMDI1XC8wMVwvMDUtTmFyb2RvcGlzbmUtbXV6ZXVtLVBsemVuc2thLndlYnAiLCJzbGlkZXNob3ciOiIwYjU4YTkwIn0%3D\" href='https:\/\/www.capacityexpo.com\/wp-content\/uploads\/2025\/01\/05-Narodopisne-muzeum-Plzenska.webp'><img loading=\"lazy\" decoding=\"async\" width=\"800\" height=\"533\" src=\"https:\/\/www.capacityexpo.com\/wp-content\/uploads\/2025\/01\/05-Narodopisne-muzeum-Plzenska-1024x682.webp\" class=\"attachment-large size-large\" alt=\"\" srcset=\"https:\/\/www.capacityexpo.com\/wp-content\/uploads\/2025\/01\/05-Narodopisne-muzeum-Plzenska-1024x682.webp 1024w, https:\/\/www.capacityexpo.com\/wp-content\/uploads\/2025\/01\/05-Narodopisne-muzeum-Plzenska-300x200.webp 300w, https:\/\/www.capacityexpo.com\/wp-content\/uploads\/2025\/01\/05-Narodopisne-muzeum-Plzenska-768x512.webp 768w, https:\/\/www.capacityexpo.com\/wp-content\/uploads\/2025\/01\/05-Narodopisne-muzeum-Plzenska-1536x1024.webp 1536w, https:\/\/www.capacityexpo.com\/wp-content\/uploads\/2025\/01\/05-Narodopisne-muzeum-Plzenska-2048x1365.webp 2048w\" sizes=\"(max-width: 800px) 100vw, 800px\" \/><\/a>\n<a data-elementor-open-lightbox=\"yes\" data-elementor-lightbox-slideshow=\"0b58a90\" data-elementor-lightbox-title=\"06 N\u00e1rodopisn\u00e9 muzeum Plze\u0148ska\" data-e-action-hash=\"#elementor-action%3Aaction%3Dlightbox%26settings%3DeyJpZCI6NDM4MCwidXJsIjoiaHR0cHM6XC9cL3d3dy5jYXBhY2l0eWV4cG8uY29tXC93cC1jb250ZW50XC91cGxvYWRzXC8yMDI1XC8wMVwvMDYtTmFyb2RvcGlzbmUtbXV6ZXVtLVBsemVuc2thLndlYnAiLCJzbGlkZXNob3ciOiIwYjU4YTkwIn0%3D\" href='https:\/\/www.capacityexpo.com\/wp-content\/uploads\/2025\/01\/06-Narodopisne-muzeum-Plzenska.webp'><img loading=\"lazy\" decoding=\"async\" width=\"800\" height=\"539\" src=\"https:\/\/www.capacityexpo.com\/wp-content\/uploads\/2025\/01\/06-Narodopisne-muzeum-Plzenska-1024x690.webp\" class=\"attachment-large size-large\" alt=\"\" srcset=\"https:\/\/www.capacityexpo.com\/wp-content\/uploads\/2025\/01\/06-Narodopisne-muzeum-Plzenska-1024x690.webp 1024w, https:\/\/www.capacityexpo.com\/wp-content\/uploads\/2025\/01\/06-Narodopisne-muzeum-Plzenska-300x202.webp 300w, https:\/\/www.capacityexpo.com\/wp-content\/uploads\/2025\/01\/06-Narodopisne-muzeum-Plzenska-768x517.webp 768w, https:\/\/www.capacityexpo.com\/wp-content\/uploads\/2025\/01\/06-Narodopisne-muzeum-Plzenska-1536x1035.webp 1536w, https:\/\/www.capacityexpo.com\/wp-content\/uploads\/2025\/01\/06-Narodopisne-muzeum-Plzenska-2048x1380.webp 2048w\" sizes=\"(max-width: 800px) 100vw, 800px\" \/><\/a>\n<a data-elementor-open-lightbox=\"yes\" data-elementor-lightbox-slideshow=\"0b58a90\" data-elementor-lightbox-title=\"07 N\u00e1rodopisn\u00e9 muzeum Plze\u0148ska\" data-e-action-hash=\"#elementor-action%3Aaction%3Dlightbox%26settings%3DeyJpZCI6NDM4MywidXJsIjoiaHR0cHM6XC9cL3d3dy5jYXBhY2l0eWV4cG8uY29tXC93cC1jb250ZW50XC91cGxvYWRzXC8yMDI1XC8wMVwvMDctTmFyb2RvcGlzbmUtbXV6ZXVtLVBsemVuc2thLndlYnAiLCJzbGlkZXNob3ciOiIwYjU4YTkwIn0%3D\" href='https:\/\/www.capacityexpo.com\/wp-content\/uploads\/2025\/01\/07-Narodopisne-muzeum-Plzenska.webp'><img loading=\"lazy\" decoding=\"async\" width=\"800\" height=\"520\" src=\"https:\/\/www.capacityexpo.com\/wp-content\/uploads\/2025\/01\/07-Narodopisne-muzeum-Plzenska-1024x665.webp\" class=\"attachment-large size-large\" alt=\"\" srcset=\"https:\/\/www.capacityexpo.com\/wp-content\/uploads\/2025\/01\/07-Narodopisne-muzeum-Plzenska-1024x665.webp 1024w, https:\/\/www.capacityexpo.com\/wp-content\/uploads\/2025\/01\/07-Narodopisne-muzeum-Plzenska-300x195.webp 300w, https:\/\/www.capacityexpo.com\/wp-content\/uploads\/2025\/01\/07-Narodopisne-muzeum-Plzenska-768x499.webp 768w, https:\/\/www.capacityexpo.com\/wp-content\/uploads\/2025\/01\/07-Narodopisne-muzeum-Plzenska-1536x998.webp 1536w, https:\/\/www.capacityexpo.com\/wp-content\/uploads\/2025\/01\/07-Narodopisne-muzeum-Plzenska-2048x1330.webp 2048w\" sizes=\"(max-width: 800px) 100vw, 800px\" \/><\/a>\n<a data-elementor-open-lightbox=\"yes\" data-elementor-lightbox-slideshow=\"0b58a90\" data-elementor-lightbox-title=\"08 N\u00e1rodopisn\u00e9 muzeum Plze\u0148ska\" data-e-action-hash=\"#elementor-action%3Aaction%3Dlightbox%26settings%3DeyJpZCI6NDM4NiwidXJsIjoiaHR0cHM6XC9cL3d3dy5jYXBhY2l0eWV4cG8uY29tXC93cC1jb250ZW50XC91cGxvYWRzXC8yMDI1XC8wMVwvMDgtTmFyb2RvcGlzbmUtbXV6ZXVtLVBsemVuc2thLndlYnAiLCJzbGlkZXNob3ciOiIwYjU4YTkwIn0%3D\" href='https:\/\/www.capacityexpo.com\/wp-content\/uploads\/2025\/01\/08-Narodopisne-muzeum-Plzenska.webp'><img loading=\"lazy\" decoding=\"async\" width=\"800\" height=\"533\" src=\"https:\/\/www.capacityexpo.com\/wp-content\/uploads\/2025\/01\/08-Narodopisne-muzeum-Plzenska-1024x682.webp\" class=\"attachment-large size-large\" alt=\"\" srcset=\"https:\/\/www.capacityexpo.com\/wp-content\/uploads\/2025\/01\/08-Narodopisne-muzeum-Plzenska-1024x682.webp 1024w, https:\/\/www.capacityexpo.com\/wp-content\/uploads\/2025\/01\/08-Narodopisne-muzeum-Plzenska-300x200.webp 300w, https:\/\/www.capacityexpo.com\/wp-content\/uploads\/2025\/01\/08-Narodopisne-muzeum-Plzenska-768x512.webp 768w, https:\/\/www.capacityexpo.com\/wp-content\/uploads\/2025\/01\/08-Narodopisne-muzeum-Plzenska-1536x1024.webp 1536w, https:\/\/www.capacityexpo.com\/wp-content\/uploads\/2025\/01\/08-Narodopisne-muzeum-Plzenska-2048x1365.webp 2048w\" sizes=\"(max-width: 800px) 100vw, 800px\" \/><\/a>\n<a data-elementor-open-lightbox=\"yes\" data-elementor-lightbox-slideshow=\"0b58a90\" data-elementor-lightbox-title=\"09 N\u00e1rodopisn\u00e9 muzeum Plze\u0148ska\" data-e-action-hash=\"#elementor-action%3Aaction%3Dlightbox%26settings%3DeyJpZCI6NDM4OSwidXJsIjoiaHR0cHM6XC9cL3d3dy5jYXBhY2l0eWV4cG8uY29tXC93cC1jb250ZW50XC91cGxvYWRzXC8yMDI1XC8wMVwvMDktTmFyb2RvcGlzbmUtbXV6ZXVtLVBsemVuc2thLndlYnAiLCJzbGlkZXNob3ciOiIwYjU4YTkwIn0%3D\" href='https:\/\/www.capacityexpo.com\/wp-content\/uploads\/2025\/01\/09-Narodopisne-muzeum-Plzenska.webp'><img loading=\"lazy\" decoding=\"async\" width=\"800\" height=\"533\" src=\"https:\/\/www.capacityexpo.com\/wp-content\/uploads\/2025\/01\/09-Narodopisne-muzeum-Plzenska-1024x682.webp\" class=\"attachment-large size-large\" alt=\"\" srcset=\"https:\/\/www.capacityexpo.com\/wp-content\/uploads\/2025\/01\/09-Narodopisne-muzeum-Plzenska-1024x682.webp 1024w, https:\/\/www.capacityexpo.com\/wp-content\/uploads\/2025\/01\/09-Narodopisne-muzeum-Plzenska-300x200.webp 300w, https:\/\/www.capacityexpo.com\/wp-content\/uploads\/2025\/01\/09-Narodopisne-muzeum-Plzenska-768x512.webp 768w, https:\/\/www.capacityexpo.com\/wp-content\/uploads\/2025\/01\/09-Narodopisne-muzeum-Plzenska-1536x1024.webp 1536w, https:\/\/www.capacityexpo.com\/wp-content\/uploads\/2025\/01\/09-Narodopisne-muzeum-Plzenska-2048x1365.webp 2048w\" sizes=\"(max-width: 800px) 100vw, 800px\" \/><\/a>\n<a data-elementor-open-lightbox=\"yes\" data-elementor-lightbox-slideshow=\"0b58a90\" data-elementor-lightbox-title=\"10 N\u00e1rodopisn\u00e9 muzeum Plze\u0148ska\" data-e-action-hash=\"#elementor-action%3Aaction%3Dlightbox%26settings%3DeyJpZCI6NDM5MiwidXJsIjoiaHR0cHM6XC9cL3d3dy5jYXBhY2l0eWV4cG8uY29tXC93cC1jb250ZW50XC91cGxvYWRzXC8yMDI1XC8wMVwvMTAtTmFyb2RvcGlzbmUtbXV6ZXVtLVBsemVuc2thLndlYnAiLCJzbGlkZXNob3ciOiIwYjU4YTkwIn0%3D\" href='https:\/\/www.capacityexpo.com\/wp-content\/uploads\/2025\/01\/10-Narodopisne-muzeum-Plzenska.webp'><img loading=\"lazy\" decoding=\"async\" width=\"800\" height=\"533\" src=\"https:\/\/www.capacityexpo.com\/wp-content\/uploads\/2025\/01\/10-Narodopisne-muzeum-Plzenska-1024x682.webp\" class=\"attachment-large size-large\" alt=\"\" srcset=\"https:\/\/www.capacityexpo.com\/wp-content\/uploads\/2025\/01\/10-Narodopisne-muzeum-Plzenska-1024x682.webp 1024w, https:\/\/www.capacityexpo.com\/wp-content\/uploads\/2025\/01\/10-Narodopisne-muzeum-Plzenska-300x200.webp 300w, https:\/\/www.capacityexpo.com\/wp-content\/uploads\/2025\/01\/10-Narodopisne-muzeum-Plzenska-768x512.webp 768w, https:\/\/www.capacityexpo.com\/wp-content\/uploads\/2025\/01\/10-Narodopisne-muzeum-Plzenska-1536x1024.webp 1536w, https:\/\/www.capacityexpo.com\/wp-content\/uploads\/2025\/01\/10-Narodopisne-muzeum-Plzenska-2048x1365.webp 2048w\" sizes=\"(max-width: 800px) 100vw, 800px\" \/><\/a>\n\t\t<\/div>\n\t\t\t\t\t\t<\/div>\n\t\t\t\t<\/div>\n\t\t\t\t\t<\/div>\n\t\t<\/div>\n\t\t\t\t<div class=\"elementor-column elementor-col-50 elementor-top-column elementor-element elementor-element-53568ee1 right-col\" data-id=\"53568ee1\" data-element_type=\"column\">\n\t\t\t<div class=\"elementor-widget-wrap elementor-element-populated\">\n\t\t\t\t\t\t<section data-particle_enable=\"false\" data-particle-mobile-disabled=\"false\" class=\"elementor-section elementor-inner-section elementor-element elementor-element-cefb4b5 elementor-section-boxed elementor-section-height-default elementor-section-height-default\" data-id=\"cefb4b5\" data-element_type=\"section\">\n\t\t\t\t\t\t<div class=\"elementor-container elementor-column-gap-default\">\n\t\t\t\t\t<div class=\"elementor-column elementor-col-100 elementor-inner-column elementor-element elementor-element-656de6b w-sticky\" data-id=\"656de6b\" data-element_type=\"column\">\n\t\t\t<div class=\"elementor-widget-wrap elementor-element-populated\">\n\t\t\t\t\t\t<div class=\"elementor-element elementor-element-fb5e6dc elementor-widget elementor-widget-heading\" data-id=\"fb5e6dc\" data-element_type=\"widget\" data-widget_type=\"heading.default\">\n\t\t\t\t<div class=\"elementor-widget-container\">\n\t\t\t\t\t<h3 class=\"elementor-heading-title elementor-size-default\">Ethnographic Museum of Pilsen Region<\/h3>\t\t\t\t<\/div>\n\t\t\t\t<\/div>\n\t\t\t\t<div class=\"elementor-element elementor-element-b5a347f elementor-widget-tablet_extra__width-initial elementor-widget elementor-widget-global elementor-global-809 elementor-widget-spacer\" data-id=\"b5a347f\" data-element_type=\"widget\" data-widget_type=\"spacer.default\">\n\t\t\t\t<div class=\"elementor-widget-container\">\n\t\t\t\t\t\t\t<div class=\"elementor-spacer\">\n\t\t\t<div class=\"elementor-spacer-inner\"><\/div>\n\t\t<\/div>\n\t\t\t\t\t\t<\/div>\n\t\t\t\t<\/div>\n\t\t\t\t<div class=\"elementor-element elementor-element-bfdeb60 elementor-widget elementor-widget-heading\" data-id=\"bfdeb60\" data-element_type=\"widget\" data-widget_type=\"heading.default\">\n\t\t\t\t<div class=\"elementor-widget-container\">\n\t\t\t\t\t<p class=\"elementor-heading-title elementor-size-default\">Comprehensive delivery of an exhibition in the Ethnographic Museum of the Pilsen Region, mapping life in the Pilsen area in the 19th century. <\/p>\t\t\t\t<\/div>\n\t\t\t\t<\/div>\n\t\t\t\t<div class=\"elementor-element elementor-element-27e4766 elementor-widget-tablet_extra__width-initial elementor-widget elementor-widget-global elementor-global-809 elementor-widget-spacer\" data-id=\"27e4766\" data-element_type=\"widget\" data-widget_type=\"spacer.default\">\n\t\t\t\t<div class=\"elementor-widget-container\">\n\t\t\t\t\t\t\t<div class=\"elementor-spacer\">\n\t\t\t<div class=\"elementor-spacer-inner\"><\/div>\n\t\t<\/div>\n\t\t\t\t\t\t<\/div>\n\t\t\t\t<\/div>\n\t\t\t\t<div class=\"elementor-element elementor-element-56efec0 elementor-widget elementor-widget-text-editor\" data-id=\"56efec0\" data-element_type=\"widget\" data-widget_type=\"text-editor.default\">\n\t\t\t\t<div class=\"elementor-widget-container\">\n\t\t\t\t\t\t\t\t\t\n<p>Year of realization:<\/p>\n\t\t\t\t\t\t\t\t<\/div>\n\t\t\t\t<\/div>\n\t\t\t\t<div class=\"elementor-element elementor-element-7304b98 elementor-widget elementor-widget-text-editor\" data-id=\"7304b98\" data-element_type=\"widget\" data-widget_type=\"text-editor.default\">\n\t\t\t\t<div class=\"elementor-widget-container\">\n\t\t\t\t\t\t\t\t\t<p>2023 \/ 2024<\/p>\n\t\t\t\t\t\t\t\t<\/div>\n\t\t\t\t<\/div>\n\t\t\t\t<div class=\"elementor-element elementor-element-651446f elementor-widget-tablet_extra__width-initial elementor-widget elementor-widget-global elementor-global-809 elementor-widget-spacer\" data-id=\"651446f\" data-element_type=\"widget\" data-widget_type=\"spacer.default\">\n\t\t\t\t<div class=\"elementor-widget-container\">\n\t\t\t\t\t\t\t<div class=\"elementor-spacer\">\n\t\t\t<div class=\"elementor-spacer-inner\"><\/div>\n\t\t<\/div>\n\t\t\t\t\t\t<\/div>\n\t\t\t\t<\/div>\n\t\t\t\t<div class=\"elementor-element elementor-element-13b9d46 elementor-widget elementor-widget-text-editor\" data-id=\"13b9d46\" data-element_type=\"widget\" data-widget_type=\"text-editor.default\">\n\t\t\t\t<div class=\"elementor-widget-container\">\n\t\t\t\t\t\t\t\t\t\n<p>Location:<\/p>\n\t\t\t\t\t\t\t\t<\/div>\n\t\t\t\t<\/div>\n\t\t\t\t<div class=\"elementor-element elementor-element-6246b38 elementor-widget elementor-widget-text-editor\" data-id=\"6246b38\" data-element_type=\"widget\" data-widget_type=\"text-editor.default\">\n\t\t\t\t<div class=\"elementor-widget-container\">\n\t\t\t\t\t\t\t\t\t<p>West Bohemian Museum in Pilsen<\/p>\n\t\t\t\t\t\t\t\t<\/div>\n\t\t\t\t<\/div>\n\t\t\t\t<div class=\"elementor-element elementor-element-960fb29 elementor-widget-tablet_extra__width-initial elementor-widget elementor-widget-global elementor-global-809 elementor-widget-spacer\" data-id=\"960fb29\" data-element_type=\"widget\" data-widget_type=\"spacer.default\">\n\t\t\t\t<div class=\"elementor-widget-container\">\n\t\t\t\t\t\t\t<div class=\"elementor-spacer\">\n\t\t\t<div class=\"elementor-spacer-inner\"><\/div>\n\t\t<\/div>\n\t\t\t\t\t\t<\/div>\n\t\t\t\t<\/div>\n\t\t\t\t<div class=\"elementor-element elementor-element-7e167e0 elementor-widget elementor-widget-text-editor\" data-id=\"7e167e0\" data-element_type=\"widget\" data-widget_type=\"text-editor.default\">\n\t\t\t\t<div class=\"elementor-widget-container\">\n\t\t\t\t\t\t\t\t\t\n<p>Scope of realization<\/p>\n\t\t\t\t\t\t\t\t<\/div>\n\t\t\t\t<\/div>\n\t\t\t\t<div class=\"elementor-element elementor-element-0d1c761 elementor-widget elementor-widget-text-editor\" data-id=\"0d1c761\" data-element_type=\"widget\" data-widget_type=\"text-editor.default\">\n\t\t\t\t<div class=\"elementor-widget-container\">\n\t\t\t\t\t\t\t\t\t<p>Comprehensive realization of the exhibition<\/p>\n\t\t\t\t\t\t\t\t<\/div>\n\t\t\t\t<\/div>\n\t\t\t\t<div class=\"elementor-element elementor-element-8248193 elementor-widget-tablet_extra__width-initial elementor-widget elementor-widget-global elementor-global-809 elementor-widget-spacer\" data-id=\"8248193\" data-element_type=\"widget\" data-widget_type=\"spacer.default\">\n\t\t\t\t<div class=\"elementor-widget-container\">\n\t\t\t\t\t\t\t<div class=\"elementor-spacer\">\n\t\t\t<div class=\"elementor-spacer-inner\"><\/div>\n\t\t<\/div>\n\t\t\t\t\t\t<\/div>\n\t\t\t\t<\/div>\n\t\t\t\t<div class=\"elementor-element elementor-element-77712cd elementor-widget elementor-widget-text-editor\" data-id=\"77712cd\" data-element_type=\"widget\" data-widget_type=\"text-editor.default\">\n\t\t\t\t<div class=\"elementor-widget-container\">\n\t\t\t\t\t\t\t\t\t\n<p>Collaboration:<\/p>\n\t\t\t\t\t\t\t\t<\/div>\n\t\t\t\t<\/div>\n\t\t\t\t<div class=\"elementor-element elementor-element-98b7fd7 elementor-widget elementor-widget-text-editor\" data-id=\"98b7fd7\" data-element_type=\"widget\" data-widget_type=\"text-editor.default\">\n\t\t\t\t<div class=\"elementor-widget-container\">\n\t\t\t\t\t\t\t\t\t<p>Project designer: SGL projekt<\/p>\n\t\t\t\t\t\t\t\t<\/div>\n\t\t\t\t<\/div>\n\t\t\t\t<div class=\"elementor-element elementor-element-e6199e7 elementor-widget-tablet_extra__width-initial elementor-widget elementor-widget-global elementor-global-809 elementor-widget-spacer\" data-id=\"e6199e7\" data-element_type=\"widget\" data-widget_type=\"spacer.default\">\n\t\t\t\t<div class=\"elementor-widget-container\">\n\t\t\t\t\t\t\t<div class=\"elementor-spacer\">\n\t\t\t<div class=\"elementor-spacer-inner\"><\/div>\n\t\t<\/div>\n\t\t\t\t\t\t<\/div>\n\t\t\t\t<\/div>\n\t\t\t\t<div class=\"elementor-element elementor-element-57da9a0 elementor-widget elementor-widget-text-editor\" data-id=\"57da9a0\" data-element_type=\"widget\" data-widget_type=\"text-editor.default\">\n\t\t\t\t<div class=\"elementor-widget-container\">\n\t\t\t\t\t\t\t\t\t\n<p>Client:<\/p>\n\t\t\t\t\t\t\t\t<\/div>\n\t\t\t\t<\/div>\n\t\t\t\t<div class=\"elementor-element elementor-element-330d79d elementor-widget__width-auto elementor-widget elementor-widget-image\" data-id=\"330d79d\" data-element_type=\"widget\" data-widget_type=\"image.default\">\n\t\t\t\t<div class=\"elementor-widget-container\">\n\t\t\t\t\t\t\t\t\t\t\t\t\t\t\t<img loading=\"lazy\" decoding=\"async\" width=\"542\" height=\"418\" src=\"https:\/\/www.capacityexpo.com\/wp-content\/uploads\/2025\/01\/loga_zcm.png\" class=\"attachment-large size-large wp-image-4395\" alt=\"\" srcset=\"https:\/\/www.capacityexpo.com\/wp-content\/uploads\/2025\/01\/loga_zcm.png 542w, https:\/\/www.capacityexpo.com\/wp-content\/uploads\/2025\/01\/loga_zcm-300x231.png 300w\" sizes=\"(max-width: 542px) 100vw, 542px\" \/>\t\t\t\t\t\t\t\t\t\t\t\t\t\t\t<\/div>\n\t\t\t\t<\/div>\n\t\t\t\t\t<\/div>\n\t\t<\/div>\n\t\t\t\t\t<\/div>\n\t\t<\/section>\n\t\t\t\t\t<\/div>\n\t\t<\/div>\n\t\t\t\t\t<\/div>\n\t\t<\/section>\n\t\t\t\t<\/div>\n\t\t","protected":false},"excerpt":{"rendered":"<p>Comprehensive delivery of an exhibition in the Ethnographic Museum of the Pilsen Region, mapping life in the Pilsen area in the 19th century. <\/p>\n","protected":false},"author":4,"featured_media":4365,"comment_status":"closed","ping_status":"closed","sticky":false,"template":"","format":"standard","meta":{"_acf_changed":false,"inline_featured_image":false,"footnotes":""},"categories":[2],"tags":[],"class_list":["post-4401","post","type-post","status-publish","format-standard","has-post-thumbnail","hentry","category-projects"],"acf":[],"yoast_head":"<!-- This site is optimized with the Yoast SEO plugin v27.2 - https:\/\/yoast.com\/product\/yoast-seo-wordpress\/ -->\n<title>Ethnographic Museum of Pilsen Region - Capacity Expo<\/title>\n<meta name=\"robots\" content=\"index, follow, max-snippet:-1, max-image-preview:large, max-video-preview:-1\" \/>\n<link rel=\"canonical\" href=\"https:\/\/www.capacityexpo.com\/en\/projects\/ethnographic-museum-of-pilsen-region\/\" \/>\n<meta property=\"og:locale\" content=\"en_US\" \/>\n<meta property=\"og:type\" content=\"article\" \/>\n<meta property=\"og:title\" content=\"Ethnographic Museum of Pilsen Region - Capacity Expo\" \/>\n<meta property=\"og:description\" content=\"Comprehensive delivery of an exhibition in the Ethnographic Museum of the Pilsen Region, mapping life in the Pilsen area in the 19th century.\" \/>\n<meta property=\"og:url\" content=\"https:\/\/www.capacityexpo.com\/en\/projects\/ethnographic-museum-of-pilsen-region\/\" \/>\n<meta property=\"og:site_name\" content=\"Capacity Expo\" \/>\n<meta property=\"article:published_time\" content=\"2022-08-14T05:58:09+00:00\" \/>\n<meta property=\"article:modified_time\" content=\"2025-01-08T12:53:05+00:00\" \/>\n<meta property=\"og:image\" content=\"https:\/\/www.capacityexpo.com\/wp-content\/uploads\/2025\/01\/01_uvodni-foto-Narodopisne-muzeum-Plzenska-1024x669.webp\" \/>\n\t<meta property=\"og:image:width\" content=\"1024\" \/>\n\t<meta property=\"og:image:height\" content=\"669\" \/>\n\t<meta property=\"og:image:type\" content=\"image\/webp\" \/>\n<meta name=\"author\" content=\"vit.bubenicek@wwworks-vyvoj.cz\" \/>\n<meta name=\"twitter:card\" content=\"summary_large_image\" \/>\n<meta name=\"twitter:label1\" content=\"Written by\" \/>\n\t<meta name=\"twitter:data1\" content=\"vit.bubenicek@wwworks-vyvoj.cz\" \/>\n<script type=\"application\/ld+json\" class=\"yoast-schema-graph\">{\"@context\":\"https:\/\/schema.org\",\"@graph\":[{\"@type\":\"Article\",\"@id\":\"https:\/\/www.capacityexpo.com\/en\/projects\/ethnographic-museum-of-pilsen-region\/#article\",\"isPartOf\":{\"@id\":\"https:\/\/www.capacityexpo.com\/en\/projects\/ethnographic-museum-of-pilsen-region\/\"},\"author\":{\"name\":\"vit.bubenicek@wwworks-vyvoj.cz\",\"@id\":\"https:\/\/www.capacityexpo.com\/#\/schema\/person\/545d4aa069b5cdae4765dc659c13e7f2\"},\"headline\":\"Ethnographic Museum of Pilsen Region\",\"datePublished\":\"2022-08-14T05:58:09+00:00\",\"dateModified\":\"2025-01-08T12:53:05+00:00\",\"mainEntityOfPage\":{\"@id\":\"https:\/\/www.capacityexpo.com\/en\/projects\/ethnographic-museum-of-pilsen-region\/\"},\"wordCount\":28,\"publisher\":{\"@id\":\"https:\/\/www.capacityexpo.com\/#organization\"},\"image\":{\"@id\":\"https:\/\/www.capacityexpo.com\/en\/projects\/ethnographic-museum-of-pilsen-region\/#primaryimage\"},\"thumbnailUrl\":\"https:\/\/www.capacityexpo.com\/wp-content\/uploads\/2025\/01\/01_uvodni-foto-Narodopisne-muzeum-Plzenska.webp\",\"articleSection\":[\"Projects\"],\"inLanguage\":\"en-US\"},{\"@type\":\"WebPage\",\"@id\":\"https:\/\/www.capacityexpo.com\/en\/projects\/ethnographic-museum-of-pilsen-region\/\",\"url\":\"https:\/\/www.capacityexpo.com\/en\/projects\/ethnographic-museum-of-pilsen-region\/\",\"name\":\"Ethnographic Museum of Pilsen Region - Capacity Expo\",\"isPartOf\":{\"@id\":\"https:\/\/www.capacityexpo.com\/#website\"},\"primaryImageOfPage\":{\"@id\":\"https:\/\/www.capacityexpo.com\/en\/projects\/ethnographic-museum-of-pilsen-region\/#primaryimage\"},\"image\":{\"@id\":\"https:\/\/www.capacityexpo.com\/en\/projects\/ethnographic-museum-of-pilsen-region\/#primaryimage\"},\"thumbnailUrl\":\"https:\/\/www.capacityexpo.com\/wp-content\/uploads\/2025\/01\/01_uvodni-foto-Narodopisne-muzeum-Plzenska.webp\",\"datePublished\":\"2022-08-14T05:58:09+00:00\",\"dateModified\":\"2025-01-08T12:53:05+00:00\",\"breadcrumb\":{\"@id\":\"https:\/\/www.capacityexpo.com\/en\/projects\/ethnographic-museum-of-pilsen-region\/#breadcrumb\"},\"inLanguage\":\"en-US\",\"potentialAction\":[{\"@type\":\"ReadAction\",\"target\":[\"https:\/\/www.capacityexpo.com\/en\/projects\/ethnographic-museum-of-pilsen-region\/\"]}]},{\"@type\":\"ImageObject\",\"inLanguage\":\"en-US\",\"@id\":\"https:\/\/www.capacityexpo.com\/en\/projects\/ethnographic-museum-of-pilsen-region\/#primaryimage\",\"url\":\"https:\/\/www.capacityexpo.com\/wp-content\/uploads\/2025\/01\/01_uvodni-foto-Narodopisne-muzeum-Plzenska.webp\",\"contentUrl\":\"https:\/\/www.capacityexpo.com\/wp-content\/uploads\/2025\/01\/01_uvodni-foto-Narodopisne-muzeum-Plzenska.webp\",\"width\":3840,\"height\":2510},{\"@type\":\"BreadcrumbList\",\"@id\":\"https:\/\/www.capacityexpo.com\/en\/projects\/ethnographic-museum-of-pilsen-region\/#breadcrumb\",\"itemListElement\":[{\"@type\":\"ListItem\",\"position\":1,\"name\":\"Dom\u016f\",\"item\":\"https:\/\/www.capacityexpo.com\/en\/capacity-expo\/\"},{\"@type\":\"ListItem\",\"position\":2,\"name\":\"Ethnographic Museum of Pilsen Region\"}]},{\"@type\":\"WebSite\",\"@id\":\"https:\/\/www.capacityexpo.com\/#website\",\"url\":\"https:\/\/www.capacityexpo.com\/\",\"name\":\"Capacity Expo\",\"description\":\"Ji\u017e od roku 2014 navrhujeme a realizujeme   muzejn\u00ed a v\u00fdstavn\u00ed expozice\",\"publisher\":{\"@id\":\"https:\/\/www.capacityexpo.com\/#organization\"},\"potentialAction\":[{\"@type\":\"SearchAction\",\"target\":{\"@type\":\"EntryPoint\",\"urlTemplate\":\"https:\/\/www.capacityexpo.com\/?s={search_term_string}\"},\"query-input\":{\"@type\":\"PropertyValueSpecification\",\"valueRequired\":true,\"valueName\":\"search_term_string\"}}],\"inLanguage\":\"en-US\"},{\"@type\":\"Organization\",\"@id\":\"https:\/\/www.capacityexpo.com\/#organization\",\"name\":\"Capacity Expo\",\"url\":\"https:\/\/www.capacityexpo.com\/\",\"logo\":{\"@type\":\"ImageObject\",\"inLanguage\":\"en-US\",\"@id\":\"https:\/\/www.capacityexpo.com\/#\/schema\/logo\/image\/\",\"url\":\"https:\/\/www.capacityexpo.com\/wp-content\/uploads\/capacity_expo-logo-oneline.png\",\"contentUrl\":\"https:\/\/www.capacityexpo.com\/wp-content\/uploads\/capacity_expo-logo-oneline.png\",\"width\":2057,\"height\":304,\"caption\":\"Capacity Expo\"},\"image\":{\"@id\":\"https:\/\/www.capacityexpo.com\/#\/schema\/logo\/image\/\"}},{\"@type\":\"Person\",\"@id\":\"https:\/\/www.capacityexpo.com\/#\/schema\/person\/545d4aa069b5cdae4765dc659c13e7f2\",\"name\":\"vit.bubenicek@wwworks-vyvoj.cz\",\"image\":{\"@type\":\"ImageObject\",\"inLanguage\":\"en-US\",\"@id\":\"https:\/\/secure.gravatar.com\/avatar\/9b2a6f5f84eed6f34deb36f7c1c6ce9c042e8581c921dc9642d293c826f7fbae?s=96&d=mm&r=g\",\"url\":\"https:\/\/secure.gravatar.com\/avatar\/9b2a6f5f84eed6f34deb36f7c1c6ce9c042e8581c921dc9642d293c826f7fbae?s=96&d=mm&r=g\",\"contentUrl\":\"https:\/\/secure.gravatar.com\/avatar\/9b2a6f5f84eed6f34deb36f7c1c6ce9c042e8581c921dc9642d293c826f7fbae?s=96&d=mm&r=g\",\"caption\":\"vit.bubenicek@wwworks-vyvoj.cz\"},\"url\":\"https:\/\/www.capacityexpo.com\/en\/author\/vit-bubenicekwwworks-cz\/\"}]}<\/script>\n<!-- \/ Yoast SEO plugin. -->","yoast_head_json":{"title":"Ethnographic Museum of Pilsen Region - Capacity Expo","robots":{"index":"index","follow":"follow","max-snippet":"max-snippet:-1","max-image-preview":"max-image-preview:large","max-video-preview":"max-video-preview:-1"},"canonical":"https:\/\/www.capacityexpo.com\/en\/projects\/ethnographic-museum-of-pilsen-region\/","og_locale":"en_US","og_type":"article","og_title":"Ethnographic Museum of Pilsen Region - Capacity Expo","og_description":"Comprehensive delivery of an exhibition in the Ethnographic Museum of the Pilsen Region, mapping life in the Pilsen area in the 19th century.","og_url":"https:\/\/www.capacityexpo.com\/en\/projects\/ethnographic-museum-of-pilsen-region\/","og_site_name":"Capacity Expo","article_published_time":"2022-08-14T05:58:09+00:00","article_modified_time":"2025-01-08T12:53:05+00:00","og_image":[{"width":1024,"height":669,"url":"https:\/\/www.capacityexpo.com\/wp-content\/uploads\/2025\/01\/01_uvodni-foto-Narodopisne-muzeum-Plzenska-1024x669.webp","type":"image\/webp"}],"author":"vit.bubenicek@wwworks-vyvoj.cz","twitter_card":"summary_large_image","twitter_misc":{"Written by":"vit.bubenicek@wwworks-vyvoj.cz"},"schema":{"@context":"https:\/\/schema.org","@graph":[{"@type":"Article","@id":"https:\/\/www.capacityexpo.com\/en\/projects\/ethnographic-museum-of-pilsen-region\/#article","isPartOf":{"@id":"https:\/\/www.capacityexpo.com\/en\/projects\/ethnographic-museum-of-pilsen-region\/"},"author":{"name":"vit.bubenicek@wwworks-vyvoj.cz","@id":"https:\/\/www.capacityexpo.com\/#\/schema\/person\/545d4aa069b5cdae4765dc659c13e7f2"},"headline":"Ethnographic Museum of Pilsen Region","datePublished":"2022-08-14T05:58:09+00:00","dateModified":"2025-01-08T12:53:05+00:00","mainEntityOfPage":{"@id":"https:\/\/www.capacityexpo.com\/en\/projects\/ethnographic-museum-of-pilsen-region\/"},"wordCount":28,"publisher":{"@id":"https:\/\/www.capacityexpo.com\/#organization"},"image":{"@id":"https:\/\/www.capacityexpo.com\/en\/projects\/ethnographic-museum-of-pilsen-region\/#primaryimage"},"thumbnailUrl":"https:\/\/www.capacityexpo.com\/wp-content\/uploads\/2025\/01\/01_uvodni-foto-Narodopisne-muzeum-Plzenska.webp","articleSection":["Projects"],"inLanguage":"en-US"},{"@type":"WebPage","@id":"https:\/\/www.capacityexpo.com\/en\/projects\/ethnographic-museum-of-pilsen-region\/","url":"https:\/\/www.capacityexpo.com\/en\/projects\/ethnographic-museum-of-pilsen-region\/","name":"Ethnographic Museum of Pilsen Region - Capacity Expo","isPartOf":{"@id":"https:\/\/www.capacityexpo.com\/#website"},"primaryImageOfPage":{"@id":"https:\/\/www.capacityexpo.com\/en\/projects\/ethnographic-museum-of-pilsen-region\/#primaryimage"},"image":{"@id":"https:\/\/www.capacityexpo.com\/en\/projects\/ethnographic-museum-of-pilsen-region\/#primaryimage"},"thumbnailUrl":"https:\/\/www.capacityexpo.com\/wp-content\/uploads\/2025\/01\/01_uvodni-foto-Narodopisne-muzeum-Plzenska.webp","datePublished":"2022-08-14T05:58:09+00:00","dateModified":"2025-01-08T12:53:05+00:00","breadcrumb":{"@id":"https:\/\/www.capacityexpo.com\/en\/projects\/ethnographic-museum-of-pilsen-region\/#breadcrumb"},"inLanguage":"en-US","potentialAction":[{"@type":"ReadAction","target":["https:\/\/www.capacityexpo.com\/en\/projects\/ethnographic-museum-of-pilsen-region\/"]}]},{"@type":"ImageObject","inLanguage":"en-US","@id":"https:\/\/www.capacityexpo.com\/en\/projects\/ethnographic-museum-of-pilsen-region\/#primaryimage","url":"https:\/\/www.capacityexpo.com\/wp-content\/uploads\/2025\/01\/01_uvodni-foto-Narodopisne-muzeum-Plzenska.webp","contentUrl":"https:\/\/www.capacityexpo.com\/wp-content\/uploads\/2025\/01\/01_uvodni-foto-Narodopisne-muzeum-Plzenska.webp","width":3840,"height":2510},{"@type":"BreadcrumbList","@id":"https:\/\/www.capacityexpo.com\/en\/projects\/ethnographic-museum-of-pilsen-region\/#breadcrumb","itemListElement":[{"@type":"ListItem","position":1,"name":"Dom\u016f","item":"https:\/\/www.capacityexpo.com\/en\/capacity-expo\/"},{"@type":"ListItem","position":2,"name":"Ethnographic Museum of Pilsen Region"}]},{"@type":"WebSite","@id":"https:\/\/www.capacityexpo.com\/#website","url":"https:\/\/www.capacityexpo.com\/","name":"Capacity Expo","description":"Ji\u017e od roku 2014 navrhujeme a realizujeme   muzejn\u00ed a v\u00fdstavn\u00ed expozice","publisher":{"@id":"https:\/\/www.capacityexpo.com\/#organization"},"potentialAction":[{"@type":"SearchAction","target":{"@type":"EntryPoint","urlTemplate":"https:\/\/www.capacityexpo.com\/?s={search_term_string}"},"query-input":{"@type":"PropertyValueSpecification","valueRequired":true,"valueName":"search_term_string"}}],"inLanguage":"en-US"},{"@type":"Organization","@id":"https:\/\/www.capacityexpo.com\/#organization","name":"Capacity Expo","url":"https:\/\/www.capacityexpo.com\/","logo":{"@type":"ImageObject","inLanguage":"en-US","@id":"https:\/\/www.capacityexpo.com\/#\/schema\/logo\/image\/","url":"https:\/\/www.capacityexpo.com\/wp-content\/uploads\/capacity_expo-logo-oneline.png","contentUrl":"https:\/\/www.capacityexpo.com\/wp-content\/uploads\/capacity_expo-logo-oneline.png","width":2057,"height":304,"caption":"Capacity Expo"},"image":{"@id":"https:\/\/www.capacityexpo.com\/#\/schema\/logo\/image\/"}},{"@type":"Person","@id":"https:\/\/www.capacityexpo.com\/#\/schema\/person\/545d4aa069b5cdae4765dc659c13e7f2","name":"vit.bubenicek@wwworks-vyvoj.cz","image":{"@type":"ImageObject","inLanguage":"en-US","@id":"https:\/\/secure.gravatar.com\/avatar\/9b2a6f5f84eed6f34deb36f7c1c6ce9c042e8581c921dc9642d293c826f7fbae?s=96&d=mm&r=g","url":"https:\/\/secure.gravatar.com\/avatar\/9b2a6f5f84eed6f34deb36f7c1c6ce9c042e8581c921dc9642d293c826f7fbae?s=96&d=mm&r=g","contentUrl":"https:\/\/secure.gravatar.com\/avatar\/9b2a6f5f84eed6f34deb36f7c1c6ce9c042e8581c921dc9642d293c826f7fbae?s=96&d=mm&r=g","caption":"vit.bubenicek@wwworks-vyvoj.cz"},"url":"https:\/\/www.capacityexpo.com\/en\/author\/vit-bubenicekwwworks-cz\/"}]}},"_links":{"self":[{"href":"https:\/\/www.capacityexpo.com\/en\/wp-json\/wp\/v2\/posts\/4401","targetHints":{"allow":["GET"]}}],"collection":[{"href":"https:\/\/www.capacityexpo.com\/en\/wp-json\/wp\/v2\/posts"}],"about":[{"href":"https:\/\/www.capacityexpo.com\/en\/wp-json\/wp\/v2\/types\/post"}],"author":[{"embeddable":true,"href":"https:\/\/www.capacityexpo.com\/en\/wp-json\/wp\/v2\/users\/4"}],"replies":[{"embeddable":true,"href":"https:\/\/www.capacityexpo.com\/en\/wp-json\/wp\/v2\/comments?post=4401"}],"version-history":[{"count":2,"href":"https:\/\/www.capacityexpo.com\/en\/wp-json\/wp\/v2\/posts\/4401\/revisions"}],"predecessor-version":[{"id":4408,"href":"https:\/\/www.capacityexpo.com\/en\/wp-json\/wp\/v2\/posts\/4401\/revisions\/4408"}],"wp:featuredmedia":[{"embeddable":true,"href":"https:\/\/www.capacityexpo.com\/en\/wp-json\/wp\/v2\/media\/4365"}],"wp:attachment":[{"href":"https:\/\/www.capacityexpo.com\/en\/wp-json\/wp\/v2\/media?parent=4401"}],"wp:term":[{"taxonomy":"category","embeddable":true,"href":"https:\/\/www.capacityexpo.com\/en\/wp-json\/wp\/v2\/categories?post=4401"},{"taxonomy":"post_tag","embeddable":true,"href":"https:\/\/www.capacityexpo.com\/en\/wp-json\/wp\/v2\/tags?post=4401"}],"curies":[{"name":"wp","href":"https:\/\/api.w.org\/{rel}","templated":true}]}}