{"id":4128,"date":"2022-08-14T05:24:20","date_gmt":"2022-08-14T03:24:20","guid":{"rendered":"https:\/\/www.capacityexpo.com\/projects\/municipal-museum-of-veseli-nad-moravou\/"},"modified":"2024-07-15T16:21:48","modified_gmt":"2024-07-15T14:21:48","slug":"municipal-museum-of-veseli-nad-moravou","status":"publish","type":"post","link":"https:\/\/www.capacityexpo.com\/en\/projects\/municipal-museum-of-veseli-nad-moravou\/","title":{"rendered":"Municipal Museum of Vesel\u00ed nad Moravou"},"content":{"rendered":"\t\t<div data-elementor-type=\"wp-post\" data-elementor-id=\"4128\" class=\"elementor elementor-4128 elementor-4080\" data-elementor-post-type=\"post\">\n\t\t\t\t\t\t<section data-particle_enable=\"false\" data-particle-mobile-disabled=\"false\" class=\"elementor-section elementor-top-section elementor-element elementor-element-e676669 elementor-section-boxed elementor-section-height-default elementor-section-height-default\" data-id=\"e676669\" data-element_type=\"section\">\n\t\t\t\t\t\t<div class=\"elementor-container elementor-column-gap-default\">\n\t\t\t\t\t<div class=\"elementor-column elementor-col-100 elementor-top-column elementor-element elementor-element-107f0c9\" data-id=\"107f0c9\" data-element_type=\"column\">\n\t\t\t<div class=\"elementor-widget-wrap elementor-element-populated\">\n\t\t\t\t\t\t<div class=\"elementor-element elementor-element-fcdbf61 elementor-widget elementor-widget-template\" data-id=\"fcdbf61\" data-element_type=\"widget\" data-widget_type=\"template.default\">\n\t\t\t\t<div class=\"elementor-widget-container\">\n\t\t\t\t\t\t\t<div class=\"elementor-template\">\n\t\t\t\t\t<div data-elementor-type=\"single-page\" data-elementor-id=\"3367\" class=\"elementor elementor-3367\" data-elementor-post-type=\"elementor_library\">\n\t\t\t\t\t<section data-particle_enable=\"false\" data-particle-mobile-disabled=\"false\" class=\"elementor-section elementor-top-section elementor-element elementor-element-e78b1fd elementor-section-height-min-height elementor-section-boxed elementor-section-height-default elementor-section-items-middle\" data-id=\"e78b1fd\" data-element_type=\"section\" data-settings=\"{&quot;background_background&quot;:&quot;classic&quot;}\">\n\t\t\t\t\t\t\t<div class=\"elementor-background-overlay\"><\/div>\n\t\t\t\t\t\t\t<div class=\"elementor-container elementor-column-gap-default\">\n\t\t\t\t\t<div class=\"elementor-column elementor-col-100 elementor-top-column elementor-element elementor-element-8ba213c\" data-id=\"8ba213c\" data-element_type=\"column\">\n\t\t\t<div class=\"elementor-widget-wrap elementor-element-populated\">\n\t\t\t\t\t\t<div class=\"elementor-element elementor-element-cbd8814 elementor-widget elementor-widget-heading\" data-id=\"cbd8814\" data-element_type=\"widget\" data-widget_type=\"heading.default\">\n\t\t\t\t<div class=\"elementor-widget-container\">\n\t\t\t\t\t<h2 class=\"elementor-heading-title elementor-size-default\">Municipal Museum of Vesel\u00ed nad Moravou<\/h2>\t\t\t\t<\/div>\n\t\t\t\t<\/div>\n\t\t\t\t\t<\/div>\n\t\t<\/div>\n\t\t\t\t\t<\/div>\n\t\t<\/section>\n\t\t\t\t<\/div>\n\t\t\t\t<\/div>\n\t\t\t\t\t\t<\/div>\n\t\t\t\t<\/div>\n\t\t\t\t\t<\/div>\n\t\t<\/div>\n\t\t\t\t\t<\/div>\n\t\t<\/section>\n\t\t\t\t<section data-particle_enable=\"false\" data-particle-mobile-disabled=\"false\" class=\"elementor-section elementor-top-section elementor-element elementor-element-75e29f1b elementor-reverse-mobile_extra elementor-reverse-mobile elementor-section-boxed elementor-section-height-default elementor-section-height-default\" data-id=\"75e29f1b\" data-element_type=\"section\">\n\t\t\t\t\t\t<div class=\"elementor-container elementor-column-gap-default\">\n\t\t\t\t\t<div class=\"elementor-column elementor-col-50 elementor-top-column elementor-element elementor-element-159da1a left-col\" data-id=\"159da1a\" data-element_type=\"column\">\n\t\t\t<div class=\"elementor-widget-wrap elementor-element-populated\">\n\t\t\t\t\t\t<div class=\"elementor-element elementor-element-ad2fb5a gallery-spacing-custom elementor-widget elementor-widget-image-gallery\" data-id=\"ad2fb5a\" data-element_type=\"widget\" data-widget_type=\"image-gallery.default\">\n\t\t\t\t<div class=\"elementor-widget-container\">\n\t\t\t\t\t\t\t<div class=\"elementor-image-gallery\">\n\t\t\t<div id='gallery-1' class='gallery galleryid-4128 gallery-columns-1 gallery-size-full'><figure class='gallery-item'>\n\t\t\t<div class='gallery-icon landscape'>\n\t\t\t\t<img fetchpriority=\"high\" decoding=\"async\" width=\"1920\" height=\"1222\" src=\"https:\/\/www.capacityexpo.com\/wp-content\/uploads\/2022\/08\/Mestske-muzeum-Veseli-nad-Moravou-1.webp\" class=\"attachment-full size-full\" alt=\"\" srcset=\"https:\/\/www.capacityexpo.com\/wp-content\/uploads\/2022\/08\/Mestske-muzeum-Veseli-nad-Moravou-1.webp 1920w, https:\/\/www.capacityexpo.com\/wp-content\/uploads\/2022\/08\/Mestske-muzeum-Veseli-nad-Moravou-1-300x191.webp 300w, https:\/\/www.capacityexpo.com\/wp-content\/uploads\/2022\/08\/Mestske-muzeum-Veseli-nad-Moravou-1-1024x652.webp 1024w, https:\/\/www.capacityexpo.com\/wp-content\/uploads\/2022\/08\/Mestske-muzeum-Veseli-nad-Moravou-1-768x489.webp 768w, https:\/\/www.capacityexpo.com\/wp-content\/uploads\/2022\/08\/Mestske-muzeum-Veseli-nad-Moravou-1-1536x978.webp 1536w\" sizes=\"(max-width: 1920px) 100vw, 1920px\" \/>\n\t\t\t<\/div><\/figure><figure class='gallery-item'>\n\t\t\t<div class='gallery-icon landscape'>\n\t\t\t\t<img decoding=\"async\" width=\"1920\" height=\"1305\" src=\"https:\/\/www.capacityexpo.com\/wp-content\/uploads\/2022\/08\/Mestske-muzeum-Veseli-nad-Moravou-2.webp\" class=\"attachment-full size-full\" alt=\"\" srcset=\"https:\/\/www.capacityexpo.com\/wp-content\/uploads\/2022\/08\/Mestske-muzeum-Veseli-nad-Moravou-2.webp 1920w, https:\/\/www.capacityexpo.com\/wp-content\/uploads\/2022\/08\/Mestske-muzeum-Veseli-nad-Moravou-2-300x204.webp 300w, https:\/\/www.capacityexpo.com\/wp-content\/uploads\/2022\/08\/Mestske-muzeum-Veseli-nad-Moravou-2-1024x696.webp 1024w, https:\/\/www.capacityexpo.com\/wp-content\/uploads\/2022\/08\/Mestske-muzeum-Veseli-nad-Moravou-2-768x522.webp 768w, https:\/\/www.capacityexpo.com\/wp-content\/uploads\/2022\/08\/Mestske-muzeum-Veseli-nad-Moravou-2-1536x1044.webp 1536w\" sizes=\"(max-width: 1920px) 100vw, 1920px\" \/>\n\t\t\t<\/div><\/figure><figure class='gallery-item'>\n\t\t\t<div class='gallery-icon landscape'>\n\t\t\t\t<img decoding=\"async\" width=\"1920\" height=\"1280\" src=\"https:\/\/www.capacityexpo.com\/wp-content\/uploads\/2022\/08\/Mestske-muzeum-Veseli-nad-Moravou-3.webp\" class=\"attachment-full size-full\" alt=\"\" srcset=\"https:\/\/www.capacityexpo.com\/wp-content\/uploads\/2022\/08\/Mestske-muzeum-Veseli-nad-Moravou-3.webp 1920w, https:\/\/www.capacityexpo.com\/wp-content\/uploads\/2022\/08\/Mestske-muzeum-Veseli-nad-Moravou-3-300x200.webp 300w, https:\/\/www.capacityexpo.com\/wp-content\/uploads\/2022\/08\/Mestske-muzeum-Veseli-nad-Moravou-3-1024x683.webp 1024w, https:\/\/www.capacityexpo.com\/wp-content\/uploads\/2022\/08\/Mestske-muzeum-Veseli-nad-Moravou-3-768x512.webp 768w, https:\/\/www.capacityexpo.com\/wp-content\/uploads\/2022\/08\/Mestske-muzeum-Veseli-nad-Moravou-3-1536x1024.webp 1536w\" sizes=\"(max-width: 1920px) 100vw, 1920px\" \/>\n\t\t\t<\/div><\/figure><figure class='gallery-item'>\n\t\t\t<div class='gallery-icon landscape'>\n\t\t\t\t<img loading=\"lazy\" decoding=\"async\" width=\"1920\" height=\"1276\" src=\"https:\/\/www.capacityexpo.com\/wp-content\/uploads\/2022\/08\/Mestske-muzeum-Veseli-nad-Moravou-4.webp\" class=\"attachment-full size-full\" alt=\"\" srcset=\"https:\/\/www.capacityexpo.com\/wp-content\/uploads\/2022\/08\/Mestske-muzeum-Veseli-nad-Moravou-4.webp 1920w, https:\/\/www.capacityexpo.com\/wp-content\/uploads\/2022\/08\/Mestske-muzeum-Veseli-nad-Moravou-4-300x199.webp 300w, https:\/\/www.capacityexpo.com\/wp-content\/uploads\/2022\/08\/Mestske-muzeum-Veseli-nad-Moravou-4-1024x681.webp 1024w, https:\/\/www.capacityexpo.com\/wp-content\/uploads\/2022\/08\/Mestske-muzeum-Veseli-nad-Moravou-4-768x510.webp 768w, https:\/\/www.capacityexpo.com\/wp-content\/uploads\/2022\/08\/Mestske-muzeum-Veseli-nad-Moravou-4-1536x1021.webp 1536w\" sizes=\"(max-width: 1920px) 100vw, 1920px\" \/>\n\t\t\t<\/div><\/figure><figure class='gallery-item'>\n\t\t\t<div class='gallery-icon landscape'>\n\t\t\t\t<img loading=\"lazy\" decoding=\"async\" width=\"1920\" height=\"1356\" src=\"https:\/\/www.capacityexpo.com\/wp-content\/uploads\/2022\/08\/Mestske-muzeum-Veseli-nad-Moravou-5.webp\" class=\"attachment-full size-full\" alt=\"\" srcset=\"https:\/\/www.capacityexpo.com\/wp-content\/uploads\/2022\/08\/Mestske-muzeum-Veseli-nad-Moravou-5.webp 1920w, https:\/\/www.capacityexpo.com\/wp-content\/uploads\/2022\/08\/Mestske-muzeum-Veseli-nad-Moravou-5-300x212.webp 300w, https:\/\/www.capacityexpo.com\/wp-content\/uploads\/2022\/08\/Mestske-muzeum-Veseli-nad-Moravou-5-1024x723.webp 1024w, https:\/\/www.capacityexpo.com\/wp-content\/uploads\/2022\/08\/Mestske-muzeum-Veseli-nad-Moravou-5-768x542.webp 768w, https:\/\/www.capacityexpo.com\/wp-content\/uploads\/2022\/08\/Mestske-muzeum-Veseli-nad-Moravou-5-1536x1085.webp 1536w\" sizes=\"(max-width: 1920px) 100vw, 1920px\" \/>\n\t\t\t<\/div><\/figure><figure class='gallery-item'>\n\t\t\t<div class='gallery-icon landscape'>\n\t\t\t\t<img loading=\"lazy\" decoding=\"async\" width=\"1920\" height=\"1277\" src=\"https:\/\/www.capacityexpo.com\/wp-content\/uploads\/2022\/08\/Mestske-muzeum-Veseli-nad-Moravou-6.webp\" class=\"attachment-full size-full\" alt=\"\" srcset=\"https:\/\/www.capacityexpo.com\/wp-content\/uploads\/2022\/08\/Mestske-muzeum-Veseli-nad-Moravou-6.webp 1920w, https:\/\/www.capacityexpo.com\/wp-content\/uploads\/2022\/08\/Mestske-muzeum-Veseli-nad-Moravou-6-300x200.webp 300w, https:\/\/www.capacityexpo.com\/wp-content\/uploads\/2022\/08\/Mestske-muzeum-Veseli-nad-Moravou-6-1024x681.webp 1024w, https:\/\/www.capacityexpo.com\/wp-content\/uploads\/2022\/08\/Mestske-muzeum-Veseli-nad-Moravou-6-768x511.webp 768w, https:\/\/www.capacityexpo.com\/wp-content\/uploads\/2022\/08\/Mestske-muzeum-Veseli-nad-Moravou-6-1536x1022.webp 1536w\" sizes=\"(max-width: 1920px) 100vw, 1920px\" \/>\n\t\t\t<\/div><\/figure><figure class='gallery-item'>\n\t\t\t<div class='gallery-icon landscape'>\n\t\t\t\t<img loading=\"lazy\" decoding=\"async\" width=\"1920\" height=\"1255\" src=\"https:\/\/www.capacityexpo.com\/wp-content\/uploads\/2022\/08\/Mestske-muzeum-Veseli-nad-Moravou-7.webp\" class=\"attachment-full size-full\" alt=\"\" srcset=\"https:\/\/www.capacityexpo.com\/wp-content\/uploads\/2022\/08\/Mestske-muzeum-Veseli-nad-Moravou-7.webp 1920w, https:\/\/www.capacityexpo.com\/wp-content\/uploads\/2022\/08\/Mestske-muzeum-Veseli-nad-Moravou-7-300x196.webp 300w, https:\/\/www.capacityexpo.com\/wp-content\/uploads\/2022\/08\/Mestske-muzeum-Veseli-nad-Moravou-7-1024x669.webp 1024w, https:\/\/www.capacityexpo.com\/wp-content\/uploads\/2022\/08\/Mestske-muzeum-Veseli-nad-Moravou-7-768x502.webp 768w, https:\/\/www.capacityexpo.com\/wp-content\/uploads\/2022\/08\/Mestske-muzeum-Veseli-nad-Moravou-7-1536x1004.webp 1536w\" sizes=\"(max-width: 1920px) 100vw, 1920px\" \/>\n\t\t\t<\/div><\/figure><figure class='gallery-item'>\n\t\t\t<div class='gallery-icon portrait'>\n\t\t\t\t<img loading=\"lazy\" decoding=\"async\" width=\"1920\" height=\"2734\" src=\"https:\/\/www.capacityexpo.com\/wp-content\/uploads\/2022\/08\/Mestske-muzeum-Veseli-nad-Moravou-8.webp\" class=\"attachment-full size-full\" alt=\"\" srcset=\"https:\/\/www.capacityexpo.com\/wp-content\/uploads\/2022\/08\/Mestske-muzeum-Veseli-nad-Moravou-8.webp 1920w, https:\/\/www.capacityexpo.com\/wp-content\/uploads\/2022\/08\/Mestske-muzeum-Veseli-nad-Moravou-8-211x300.webp 211w, https:\/\/www.capacityexpo.com\/wp-content\/uploads\/2022\/08\/Mestske-muzeum-Veseli-nad-Moravou-8-719x1024.webp 719w, https:\/\/www.capacityexpo.com\/wp-content\/uploads\/2022\/08\/Mestske-muzeum-Veseli-nad-Moravou-8-768x1094.webp 768w, https:\/\/www.capacityexpo.com\/wp-content\/uploads\/2022\/08\/Mestske-muzeum-Veseli-nad-Moravou-8-1079x1536.webp 1079w, https:\/\/www.capacityexpo.com\/wp-content\/uploads\/2022\/08\/Mestske-muzeum-Veseli-nad-Moravou-8-1438x2048.webp 1438w\" sizes=\"(max-width: 1920px) 100vw, 1920px\" \/>\n\t\t\t<\/div><\/figure><figure class='gallery-item'>\n\t\t\t<div class='gallery-icon landscape'>\n\t\t\t\t<img loading=\"lazy\" decoding=\"async\" width=\"1920\" height=\"1280\" src=\"https:\/\/www.capacityexpo.com\/wp-content\/uploads\/2022\/08\/Mestske-muzeum-Veseli-nad-Moravou-9.webp\" class=\"attachment-full size-full\" alt=\"\" srcset=\"https:\/\/www.capacityexpo.com\/wp-content\/uploads\/2022\/08\/Mestske-muzeum-Veseli-nad-Moravou-9.webp 1920w, https:\/\/www.capacityexpo.com\/wp-content\/uploads\/2022\/08\/Mestske-muzeum-Veseli-nad-Moravou-9-300x200.webp 300w, https:\/\/www.capacityexpo.com\/wp-content\/uploads\/2022\/08\/Mestske-muzeum-Veseli-nad-Moravou-9-1024x683.webp 1024w, https:\/\/www.capacityexpo.com\/wp-content\/uploads\/2022\/08\/Mestske-muzeum-Veseli-nad-Moravou-9-768x512.webp 768w, https:\/\/www.capacityexpo.com\/wp-content\/uploads\/2022\/08\/Mestske-muzeum-Veseli-nad-Moravou-9-1536x1024.webp 1536w\" sizes=\"(max-width: 1920px) 100vw, 1920px\" \/>\n\t\t\t<\/div><\/figure><figure class='gallery-item'>\n\t\t\t<div class='gallery-icon portrait'>\n\t\t\t\t<img loading=\"lazy\" decoding=\"async\" width=\"1920\" height=\"2880\" src=\"https:\/\/www.capacityexpo.com\/wp-content\/uploads\/2022\/08\/Mestske-muzeum-Veseli-nad-Moravou-10.webp\" class=\"attachment-full size-full\" alt=\"\" srcset=\"https:\/\/www.capacityexpo.com\/wp-content\/uploads\/2022\/08\/Mestske-muzeum-Veseli-nad-Moravou-10.webp 1920w, https:\/\/www.capacityexpo.com\/wp-content\/uploads\/2022\/08\/Mestske-muzeum-Veseli-nad-Moravou-10-200x300.webp 200w, https:\/\/www.capacityexpo.com\/wp-content\/uploads\/2022\/08\/Mestske-muzeum-Veseli-nad-Moravou-10-683x1024.webp 683w, https:\/\/www.capacityexpo.com\/wp-content\/uploads\/2022\/08\/Mestske-muzeum-Veseli-nad-Moravou-10-768x1152.webp 768w, https:\/\/www.capacityexpo.com\/wp-content\/uploads\/2022\/08\/Mestske-muzeum-Veseli-nad-Moravou-10-1024x1536.webp 1024w, https:\/\/www.capacityexpo.com\/wp-content\/uploads\/2022\/08\/Mestske-muzeum-Veseli-nad-Moravou-10-1365x2048.webp 1365w\" sizes=\"(max-width: 1920px) 100vw, 1920px\" \/>\n\t\t\t<\/div><\/figure><figure class='gallery-item'>\n\t\t\t<div class='gallery-icon landscape'>\n\t\t\t\t<img loading=\"lazy\" decoding=\"async\" width=\"1920\" height=\"1920\" src=\"https:\/\/www.capacityexpo.com\/wp-content\/uploads\/2022\/08\/Mestske-muzeum-Veseli-nad-Moravou-11.webp\" class=\"attachment-full size-full\" alt=\"\" srcset=\"https:\/\/www.capacityexpo.com\/wp-content\/uploads\/2022\/08\/Mestske-muzeum-Veseli-nad-Moravou-11.webp 1920w, https:\/\/www.capacityexpo.com\/wp-content\/uploads\/2022\/08\/Mestske-muzeum-Veseli-nad-Moravou-11-300x300.webp 300w, https:\/\/www.capacityexpo.com\/wp-content\/uploads\/2022\/08\/Mestske-muzeum-Veseli-nad-Moravou-11-1024x1024.webp 1024w, https:\/\/www.capacityexpo.com\/wp-content\/uploads\/2022\/08\/Mestske-muzeum-Veseli-nad-Moravou-11-150x150.webp 150w, https:\/\/www.capacityexpo.com\/wp-content\/uploads\/2022\/08\/Mestske-muzeum-Veseli-nad-Moravou-11-768x768.webp 768w, https:\/\/www.capacityexpo.com\/wp-content\/uploads\/2022\/08\/Mestske-muzeum-Veseli-nad-Moravou-11-1536x1536.webp 1536w\" sizes=\"(max-width: 1920px) 100vw, 1920px\" \/>\n\t\t\t<\/div><\/figure><figure class='gallery-item'>\n\t\t\t<div class='gallery-icon landscape'>\n\t\t\t\t<img loading=\"lazy\" decoding=\"async\" width=\"1920\" height=\"1261\" src=\"https:\/\/www.capacityexpo.com\/wp-content\/uploads\/2022\/08\/Mestske-muzeum-Veseli-nad-Moravou-12.webp\" class=\"attachment-full size-full\" alt=\"\" srcset=\"https:\/\/www.capacityexpo.com\/wp-content\/uploads\/2022\/08\/Mestske-muzeum-Veseli-nad-Moravou-12.webp 1920w, https:\/\/www.capacityexpo.com\/wp-content\/uploads\/2022\/08\/Mestske-muzeum-Veseli-nad-Moravou-12-300x197.webp 300w, https:\/\/www.capacityexpo.com\/wp-content\/uploads\/2022\/08\/Mestske-muzeum-Veseli-nad-Moravou-12-1024x673.webp 1024w, https:\/\/www.capacityexpo.com\/wp-content\/uploads\/2022\/08\/Mestske-muzeum-Veseli-nad-Moravou-12-768x504.webp 768w, https:\/\/www.capacityexpo.com\/wp-content\/uploads\/2022\/08\/Mestske-muzeum-Veseli-nad-Moravou-12-1536x1009.webp 1536w\" sizes=\"(max-width: 1920px) 100vw, 1920px\" \/>\n\t\t\t<\/div><\/figure>\n\t\t<\/div>\n\t\t<\/div>\n\t\t\t\t\t\t<\/div>\n\t\t\t\t<\/div>\n\t\t\t\t\t<\/div>\n\t\t<\/div>\n\t\t\t\t<div class=\"elementor-column elementor-col-50 elementor-top-column elementor-element elementor-element-53568ee1 right-col\" data-id=\"53568ee1\" data-element_type=\"column\">\n\t\t\t<div class=\"elementor-widget-wrap elementor-element-populated\">\n\t\t\t\t\t\t<section data-particle_enable=\"false\" data-particle-mobile-disabled=\"false\" class=\"elementor-section elementor-inner-section elementor-element elementor-element-cefb4b5 elementor-section-boxed elementor-section-height-default elementor-section-height-default\" data-id=\"cefb4b5\" data-element_type=\"section\">\n\t\t\t\t\t\t<div class=\"elementor-container elementor-column-gap-default\">\n\t\t\t\t\t<div class=\"elementor-column elementor-col-100 elementor-inner-column elementor-element elementor-element-656de6b w-sticky\" data-id=\"656de6b\" data-element_type=\"column\">\n\t\t\t<div class=\"elementor-widget-wrap elementor-element-populated\">\n\t\t\t\t\t\t<div class=\"elementor-element elementor-element-fb5e6dc elementor-widget elementor-widget-heading\" data-id=\"fb5e6dc\" data-element_type=\"widget\" data-widget_type=\"heading.default\">\n\t\t\t\t<div class=\"elementor-widget-container\">\n\t\t\t\t\t<h3 class=\"elementor-heading-title elementor-size-default\">Municipal Museum of Vesel\u00ed nad Moravou<\/h3>\t\t\t\t<\/div>\n\t\t\t\t<\/div>\n\t\t\t\t<div class=\"elementor-element elementor-element-b5a347f elementor-widget-tablet_extra__width-initial elementor-widget elementor-widget-global elementor-global-809 elementor-widget-spacer\" data-id=\"b5a347f\" data-element_type=\"widget\" data-widget_type=\"spacer.default\">\n\t\t\t\t<div class=\"elementor-widget-container\">\n\t\t\t\t\t\t\t<div class=\"elementor-spacer\">\n\t\t\t<div class=\"elementor-spacer-inner\"><\/div>\n\t\t<\/div>\n\t\t\t\t\t\t<\/div>\n\t\t\t\t<\/div>\n\t\t\t\t<div class=\"elementor-element elementor-element-bfdeb60 elementor-widget elementor-widget-heading\" data-id=\"bfdeb60\" data-element_type=\"widget\" data-widget_type=\"heading.default\">\n\t\t\t\t<div class=\"elementor-widget-container\">\n\t\t\t\t\t<p class=\"elementor-heading-title elementor-size-default\">Delivery of display cases, graphic elements, carpentry products, replicas, architectural models, and AV kiosks for the exhibition at the Municipal Museum of Vesel\u00ed nad Moravou.<\/p>\t\t\t\t<\/div>\n\t\t\t\t<\/div>\n\t\t\t\t<div class=\"elementor-element elementor-element-27e4766 elementor-widget-tablet_extra__width-initial elementor-widget elementor-widget-global elementor-global-809 elementor-widget-spacer\" data-id=\"27e4766\" data-element_type=\"widget\" data-widget_type=\"spacer.default\">\n\t\t\t\t<div class=\"elementor-widget-container\">\n\t\t\t\t\t\t\t<div class=\"elementor-spacer\">\n\t\t\t<div class=\"elementor-spacer-inner\"><\/div>\n\t\t<\/div>\n\t\t\t\t\t\t<\/div>\n\t\t\t\t<\/div>\n\t\t\t\t<div class=\"elementor-element elementor-element-56efec0 elementor-widget elementor-widget-text-editor\" data-id=\"56efec0\" data-element_type=\"widget\" data-widget_type=\"text-editor.default\">\n\t\t\t\t<div class=\"elementor-widget-container\">\n\t\t\t\t\t\t\t\t\t\n<p>Year of realization:<\/p>\n\t\t\t\t\t\t\t\t<\/div>\n\t\t\t\t<\/div>\n\t\t\t\t<div class=\"elementor-element elementor-element-7304b98 elementor-widget elementor-widget-text-editor\" data-id=\"7304b98\" data-element_type=\"widget\" data-widget_type=\"text-editor.default\">\n\t\t\t\t<div class=\"elementor-widget-container\">\n\t\t\t\t\t\t\t\t\t<p>2023\/2024<\/p>\n\t\t\t\t\t\t\t\t<\/div>\n\t\t\t\t<\/div>\n\t\t\t\t<div class=\"elementor-element elementor-element-651446f elementor-widget-tablet_extra__width-initial elementor-widget elementor-widget-global elementor-global-809 elementor-widget-spacer\" data-id=\"651446f\" data-element_type=\"widget\" data-widget_type=\"spacer.default\">\n\t\t\t\t<div class=\"elementor-widget-container\">\n\t\t\t\t\t\t\t<div class=\"elementor-spacer\">\n\t\t\t<div class=\"elementor-spacer-inner\"><\/div>\n\t\t<\/div>\n\t\t\t\t\t\t<\/div>\n\t\t\t\t<\/div>\n\t\t\t\t<div class=\"elementor-element elementor-element-13b9d46 elementor-widget elementor-widget-text-editor\" data-id=\"13b9d46\" data-element_type=\"widget\" data-widget_type=\"text-editor.default\">\n\t\t\t\t<div class=\"elementor-widget-container\">\n\t\t\t\t\t\t\t\t\t<p>Location:<\/p>\n\t\t\t\t\t\t\t\t<\/div>\n\t\t\t\t<\/div>\n\t\t\t\t<div class=\"elementor-element elementor-element-6246b38 elementor-widget elementor-widget-text-editor\" data-id=\"6246b38\" data-element_type=\"widget\" data-widget_type=\"text-editor.default\">\n\t\t\t\t<div class=\"elementor-widget-container\">\n\t\t\t\t\t\t\t\t\t<p>Municipal Museum of Vesel\u00ed nad Moravou<\/p>\n\t\t\t\t\t\t\t\t<\/div>\n\t\t\t\t<\/div>\n\t\t\t\t<div class=\"elementor-element elementor-element-960fb29 elementor-widget-tablet_extra__width-initial elementor-widget elementor-widget-global elementor-global-809 elementor-widget-spacer\" data-id=\"960fb29\" data-element_type=\"widget\" data-widget_type=\"spacer.default\">\n\t\t\t\t<div class=\"elementor-widget-container\">\n\t\t\t\t\t\t\t<div class=\"elementor-spacer\">\n\t\t\t<div class=\"elementor-spacer-inner\"><\/div>\n\t\t<\/div>\n\t\t\t\t\t\t<\/div>\n\t\t\t\t<\/div>\n\t\t\t\t<div class=\"elementor-element elementor-element-7e167e0 elementor-widget elementor-widget-text-editor\" data-id=\"7e167e0\" data-element_type=\"widget\" data-widget_type=\"text-editor.default\">\n\t\t\t\t<div class=\"elementor-widget-container\">\n\t\t\t\t\t\t\t\t\t\n<p>Scope of realization<\/p>\n\t\t\t\t\t\t\t\t<\/div>\n\t\t\t\t<\/div>\n\t\t\t\t<div class=\"elementor-element elementor-element-0d1c761 elementor-widget elementor-widget-text-editor\" data-id=\"0d1c761\" data-element_type=\"widget\" data-widget_type=\"text-editor.default\">\n\t\t\t\t<div class=\"elementor-widget-container\">\n\t\t\t\t\t\t\t\t\t<p>Comprehensive realization of the exhibition<\/p>\n\t\t\t\t\t\t\t\t<\/div>\n\t\t\t\t<\/div>\n\t\t\t\t<div class=\"elementor-element elementor-element-8248193 elementor-widget-tablet_extra__width-initial elementor-widget elementor-widget-global elementor-global-809 elementor-widget-spacer\" data-id=\"8248193\" data-element_type=\"widget\" data-widget_type=\"spacer.default\">\n\t\t\t\t<div class=\"elementor-widget-container\">\n\t\t\t\t\t\t\t<div class=\"elementor-spacer\">\n\t\t\t<div class=\"elementor-spacer-inner\"><\/div>\n\t\t<\/div>\n\t\t\t\t\t\t<\/div>\n\t\t\t\t<\/div>\n\t\t\t\t<div class=\"elementor-element elementor-element-77712cd elementor-widget elementor-widget-text-editor\" data-id=\"77712cd\" data-element_type=\"widget\" data-widget_type=\"text-editor.default\">\n\t\t\t\t<div class=\"elementor-widget-container\">\n\t\t\t\t\t\t\t\t\t\n<p>Cooperation:<\/p>\n\t\t\t\t\t\t\t\t<\/div>\n\t\t\t\t<\/div>\n\t\t\t\t<div class=\"elementor-element elementor-element-98b7fd7 elementor-widget elementor-widget-text-editor\" data-id=\"98b7fd7\" data-element_type=\"widget\" data-widget_type=\"text-editor.default\">\n\t\t\t\t<div class=\"elementor-widget-container\">\n\t\t\t\t\t\t\t\t\t<p>Project designer: <br \/>A-Grafika, Ltd. <\/p>\n\t\t\t\t\t\t\t\t<\/div>\n\t\t\t\t<\/div>\n\t\t\t\t<div class=\"elementor-element elementor-element-e6199e7 elementor-widget-tablet_extra__width-initial elementor-widget elementor-widget-global elementor-global-809 elementor-widget-spacer\" data-id=\"e6199e7\" data-element_type=\"widget\" data-widget_type=\"spacer.default\">\n\t\t\t\t<div class=\"elementor-widget-container\">\n\t\t\t\t\t\t\t<div class=\"elementor-spacer\">\n\t\t\t<div class=\"elementor-spacer-inner\"><\/div>\n\t\t<\/div>\n\t\t\t\t\t\t<\/div>\n\t\t\t\t<\/div>\n\t\t\t\t<div class=\"elementor-element elementor-element-57da9a0 elementor-widget elementor-widget-text-editor\" data-id=\"57da9a0\" data-element_type=\"widget\" data-widget_type=\"text-editor.default\">\n\t\t\t\t<div class=\"elementor-widget-container\">\n\t\t\t\t\t\t\t\t\t\n<p>Client:<\/p>\n\t\t\t\t\t\t\t\t<\/div>\n\t\t\t\t<\/div>\n\t\t\t\t<div class=\"elementor-element elementor-element-330d79d elementor-widget__width-auto elementor-widget elementor-widget-image\" data-id=\"330d79d\" data-element_type=\"widget\" data-widget_type=\"image.default\">\n\t\t\t\t<div class=\"elementor-widget-container\">\n\t\t\t\t\t\t\t\t\t\t\t\t\t\t\t<img loading=\"lazy\" decoding=\"async\" width=\"224\" height=\"224\" src=\"https:\/\/www.capacityexpo.com\/wp-content\/uploads\/2022\/08\/logo_muzeum.png\" class=\"attachment-large size-large wp-image-4083\" alt=\"\" srcset=\"https:\/\/www.capacityexpo.com\/wp-content\/uploads\/2022\/08\/logo_muzeum.png 224w, https:\/\/www.capacityexpo.com\/wp-content\/uploads\/2022\/08\/logo_muzeum-150x150.png 150w\" sizes=\"(max-width: 224px) 100vw, 224px\" \/>\t\t\t\t\t\t\t\t\t\t\t\t\t\t\t<\/div>\n\t\t\t\t<\/div>\n\t\t\t\t\t<\/div>\n\t\t<\/div>\n\t\t\t\t\t<\/div>\n\t\t<\/section>\n\t\t\t\t\t<\/div>\n\t\t<\/div>\n\t\t\t\t\t<\/div>\n\t\t<\/section>\n\t\t\t\t<\/div>\n\t\t","protected":false},"excerpt":{"rendered":"<p>Delivery of display cases, graphic elements, carpentry products, replicas, architectural models, and AV kiosks for the exhibition at the Municipal Museum of Vesel\u00ed nad Moravou.<\/p>\n","protected":false},"author":4,"featured_media":4123,"comment_status":"closed","ping_status":"closed","sticky":false,"template":"","format":"standard","meta":{"_acf_changed":false,"inline_featured_image":false,"footnotes":""},"categories":[2],"tags":[],"class_list":["post-4128","post","type-post","status-publish","format-standard","has-post-thumbnail","hentry","category-projects"],"acf":[],"yoast_head":"<!-- This site is optimized with the Yoast SEO plugin v27.2 - https:\/\/yoast.com\/product\/yoast-seo-wordpress\/ -->\n<title>Municipal Museum of Vesel\u00ed nad Moravou - Capacity Expo<\/title>\n<meta name=\"robots\" content=\"index, follow, max-snippet:-1, max-image-preview:large, max-video-preview:-1\" \/>\n<link rel=\"canonical\" href=\"https:\/\/www.capacityexpo.com\/en\/projects\/municipal-museum-of-veseli-nad-moravou\/\" \/>\n<meta property=\"og:locale\" content=\"en_US\" \/>\n<meta property=\"og:type\" content=\"article\" \/>\n<meta property=\"og:title\" content=\"Municipal Museum of Vesel\u00ed nad Moravou - Capacity Expo\" \/>\n<meta property=\"og:description\" content=\"Delivery of display cases, graphic elements, carpentry products, replicas, architectural models, and AV kiosks for the exhibition at the Municipal Museum of Vesel\u00ed nad Moravou.\" \/>\n<meta property=\"og:url\" content=\"https:\/\/www.capacityexpo.com\/en\/projects\/municipal-museum-of-veseli-nad-moravou\/\" \/>\n<meta property=\"og:site_name\" content=\"Capacity Expo\" \/>\n<meta property=\"article:published_time\" content=\"2022-08-14T03:24:20+00:00\" \/>\n<meta property=\"article:modified_time\" content=\"2024-07-15T14:21:48+00:00\" \/>\n<meta property=\"og:image\" content=\"https:\/\/www.capacityexpo.com\/wp-content\/uploads\/2022\/08\/Mestske-muzeum-Veseli-nad-Moravou-0-uvodni-foto.webp\" \/>\n\t<meta property=\"og:image:width\" content=\"2400\" \/>\n\t<meta property=\"og:image:height\" content=\"1432\" \/>\n\t<meta property=\"og:image:type\" content=\"image\/webp\" \/>\n<meta name=\"author\" content=\"vit.bubenicek@wwworks-vyvoj.cz\" \/>\n<meta name=\"twitter:card\" content=\"summary_large_image\" \/>\n<meta name=\"twitter:label1\" content=\"Written by\" \/>\n\t<meta name=\"twitter:data1\" content=\"vit.bubenicek@wwworks-vyvoj.cz\" \/>\n<script type=\"application\/ld+json\" class=\"yoast-schema-graph\">{\"@context\":\"https:\/\/schema.org\",\"@graph\":[{\"@type\":\"Article\",\"@id\":\"https:\/\/www.capacityexpo.com\/en\/projects\/municipal-museum-of-veseli-nad-moravou\/#article\",\"isPartOf\":{\"@id\":\"https:\/\/www.capacityexpo.com\/en\/projects\/municipal-museum-of-veseli-nad-moravou\/\"},\"author\":{\"name\":\"vit.bubenicek@wwworks-vyvoj.cz\",\"@id\":\"https:\/\/www.capacityexpo.com\/#\/schema\/person\/545d4aa069b5cdae4765dc659c13e7f2\"},\"headline\":\"Municipal Museum of Vesel\u00ed nad Moravou\",\"datePublished\":\"2022-08-14T03:24:20+00:00\",\"dateModified\":\"2024-07-15T14:21:48+00:00\",\"mainEntityOfPage\":{\"@id\":\"https:\/\/www.capacityexpo.com\/en\/projects\/municipal-museum-of-veseli-nad-moravou\/\"},\"wordCount\":30,\"publisher\":{\"@id\":\"https:\/\/www.capacityexpo.com\/#organization\"},\"image\":{\"@id\":\"https:\/\/www.capacityexpo.com\/en\/projects\/municipal-museum-of-veseli-nad-moravou\/#primaryimage\"},\"thumbnailUrl\":\"https:\/\/www.capacityexpo.com\/wp-content\/uploads\/2022\/08\/Mestske-muzeum-Veseli-nad-Moravou-0-uvodni-foto.webp\",\"articleSection\":[\"Projects\"],\"inLanguage\":\"en-US\"},{\"@type\":\"WebPage\",\"@id\":\"https:\/\/www.capacityexpo.com\/en\/projects\/municipal-museum-of-veseli-nad-moravou\/\",\"url\":\"https:\/\/www.capacityexpo.com\/en\/projects\/municipal-museum-of-veseli-nad-moravou\/\",\"name\":\"Municipal Museum of Vesel\u00ed nad Moravou - Capacity Expo\",\"isPartOf\":{\"@id\":\"https:\/\/www.capacityexpo.com\/#website\"},\"primaryImageOfPage\":{\"@id\":\"https:\/\/www.capacityexpo.com\/en\/projects\/municipal-museum-of-veseli-nad-moravou\/#primaryimage\"},\"image\":{\"@id\":\"https:\/\/www.capacityexpo.com\/en\/projects\/municipal-museum-of-veseli-nad-moravou\/#primaryimage\"},\"thumbnailUrl\":\"https:\/\/www.capacityexpo.com\/wp-content\/uploads\/2022\/08\/Mestske-muzeum-Veseli-nad-Moravou-0-uvodni-foto.webp\",\"datePublished\":\"2022-08-14T03:24:20+00:00\",\"dateModified\":\"2024-07-15T14:21:48+00:00\",\"breadcrumb\":{\"@id\":\"https:\/\/www.capacityexpo.com\/en\/projects\/municipal-museum-of-veseli-nad-moravou\/#breadcrumb\"},\"inLanguage\":\"en-US\",\"potentialAction\":[{\"@type\":\"ReadAction\",\"target\":[\"https:\/\/www.capacityexpo.com\/en\/projects\/municipal-museum-of-veseli-nad-moravou\/\"]}]},{\"@type\":\"ImageObject\",\"inLanguage\":\"en-US\",\"@id\":\"https:\/\/www.capacityexpo.com\/en\/projects\/municipal-museum-of-veseli-nad-moravou\/#primaryimage\",\"url\":\"https:\/\/www.capacityexpo.com\/wp-content\/uploads\/2022\/08\/Mestske-muzeum-Veseli-nad-Moravou-0-uvodni-foto.webp\",\"contentUrl\":\"https:\/\/www.capacityexpo.com\/wp-content\/uploads\/2022\/08\/Mestske-muzeum-Veseli-nad-Moravou-0-uvodni-foto.webp\",\"width\":2400,\"height\":1432},{\"@type\":\"BreadcrumbList\",\"@id\":\"https:\/\/www.capacityexpo.com\/en\/projects\/municipal-museum-of-veseli-nad-moravou\/#breadcrumb\",\"itemListElement\":[{\"@type\":\"ListItem\",\"position\":1,\"name\":\"Dom\u016f\",\"item\":\"https:\/\/www.capacityexpo.com\/en\/capacity-expo\/\"},{\"@type\":\"ListItem\",\"position\":2,\"name\":\"Municipal Museum of Vesel\u00ed nad Moravou\"}]},{\"@type\":\"WebSite\",\"@id\":\"https:\/\/www.capacityexpo.com\/#website\",\"url\":\"https:\/\/www.capacityexpo.com\/\",\"name\":\"Capacity Expo\",\"description\":\"Ji\u017e od roku 2014 navrhujeme a realizujeme   muzejn\u00ed a v\u00fdstavn\u00ed expozice\",\"publisher\":{\"@id\":\"https:\/\/www.capacityexpo.com\/#organization\"},\"potentialAction\":[{\"@type\":\"SearchAction\",\"target\":{\"@type\":\"EntryPoint\",\"urlTemplate\":\"https:\/\/www.capacityexpo.com\/?s={search_term_string}\"},\"query-input\":{\"@type\":\"PropertyValueSpecification\",\"valueRequired\":true,\"valueName\":\"search_term_string\"}}],\"inLanguage\":\"en-US\"},{\"@type\":\"Organization\",\"@id\":\"https:\/\/www.capacityexpo.com\/#organization\",\"name\":\"Capacity Expo\",\"url\":\"https:\/\/www.capacityexpo.com\/\",\"logo\":{\"@type\":\"ImageObject\",\"inLanguage\":\"en-US\",\"@id\":\"https:\/\/www.capacityexpo.com\/#\/schema\/logo\/image\/\",\"url\":\"https:\/\/www.capacityexpo.com\/wp-content\/uploads\/capacity_expo-logo-oneline.png\",\"contentUrl\":\"https:\/\/www.capacityexpo.com\/wp-content\/uploads\/capacity_expo-logo-oneline.png\",\"width\":2057,\"height\":304,\"caption\":\"Capacity Expo\"},\"image\":{\"@id\":\"https:\/\/www.capacityexpo.com\/#\/schema\/logo\/image\/\"}},{\"@type\":\"Person\",\"@id\":\"https:\/\/www.capacityexpo.com\/#\/schema\/person\/545d4aa069b5cdae4765dc659c13e7f2\",\"name\":\"vit.bubenicek@wwworks-vyvoj.cz\",\"image\":{\"@type\":\"ImageObject\",\"inLanguage\":\"en-US\",\"@id\":\"https:\/\/secure.gravatar.com\/avatar\/9b2a6f5f84eed6f34deb36f7c1c6ce9c042e8581c921dc9642d293c826f7fbae?s=96&d=mm&r=g\",\"url\":\"https:\/\/secure.gravatar.com\/avatar\/9b2a6f5f84eed6f34deb36f7c1c6ce9c042e8581c921dc9642d293c826f7fbae?s=96&d=mm&r=g\",\"contentUrl\":\"https:\/\/secure.gravatar.com\/avatar\/9b2a6f5f84eed6f34deb36f7c1c6ce9c042e8581c921dc9642d293c826f7fbae?s=96&d=mm&r=g\",\"caption\":\"vit.bubenicek@wwworks-vyvoj.cz\"},\"url\":\"https:\/\/www.capacityexpo.com\/en\/author\/vit-bubenicekwwworks-cz\/\"}]}<\/script>\n<!-- \/ Yoast SEO plugin. -->","yoast_head_json":{"title":"Municipal Museum of Vesel\u00ed nad Moravou - Capacity Expo","robots":{"index":"index","follow":"follow","max-snippet":"max-snippet:-1","max-image-preview":"max-image-preview:large","max-video-preview":"max-video-preview:-1"},"canonical":"https:\/\/www.capacityexpo.com\/en\/projects\/municipal-museum-of-veseli-nad-moravou\/","og_locale":"en_US","og_type":"article","og_title":"Municipal Museum of Vesel\u00ed nad Moravou - Capacity Expo","og_description":"Delivery of display cases, graphic elements, carpentry products, replicas, architectural models, and AV kiosks for the exhibition at the Municipal Museum of Vesel\u00ed nad Moravou.","og_url":"https:\/\/www.capacityexpo.com\/en\/projects\/municipal-museum-of-veseli-nad-moravou\/","og_site_name":"Capacity Expo","article_published_time":"2022-08-14T03:24:20+00:00","article_modified_time":"2024-07-15T14:21:48+00:00","og_image":[{"width":2400,"height":1432,"url":"https:\/\/www.capacityexpo.com\/wp-content\/uploads\/2022\/08\/Mestske-muzeum-Veseli-nad-Moravou-0-uvodni-foto.webp","type":"image\/webp"}],"author":"vit.bubenicek@wwworks-vyvoj.cz","twitter_card":"summary_large_image","twitter_misc":{"Written by":"vit.bubenicek@wwworks-vyvoj.cz"},"schema":{"@context":"https:\/\/schema.org","@graph":[{"@type":"Article","@id":"https:\/\/www.capacityexpo.com\/en\/projects\/municipal-museum-of-veseli-nad-moravou\/#article","isPartOf":{"@id":"https:\/\/www.capacityexpo.com\/en\/projects\/municipal-museum-of-veseli-nad-moravou\/"},"author":{"name":"vit.bubenicek@wwworks-vyvoj.cz","@id":"https:\/\/www.capacityexpo.com\/#\/schema\/person\/545d4aa069b5cdae4765dc659c13e7f2"},"headline":"Municipal Museum of Vesel\u00ed nad Moravou","datePublished":"2022-08-14T03:24:20+00:00","dateModified":"2024-07-15T14:21:48+00:00","mainEntityOfPage":{"@id":"https:\/\/www.capacityexpo.com\/en\/projects\/municipal-museum-of-veseli-nad-moravou\/"},"wordCount":30,"publisher":{"@id":"https:\/\/www.capacityexpo.com\/#organization"},"image":{"@id":"https:\/\/www.capacityexpo.com\/en\/projects\/municipal-museum-of-veseli-nad-moravou\/#primaryimage"},"thumbnailUrl":"https:\/\/www.capacityexpo.com\/wp-content\/uploads\/2022\/08\/Mestske-muzeum-Veseli-nad-Moravou-0-uvodni-foto.webp","articleSection":["Projects"],"inLanguage":"en-US"},{"@type":"WebPage","@id":"https:\/\/www.capacityexpo.com\/en\/projects\/municipal-museum-of-veseli-nad-moravou\/","url":"https:\/\/www.capacityexpo.com\/en\/projects\/municipal-museum-of-veseli-nad-moravou\/","name":"Municipal Museum of Vesel\u00ed nad Moravou - Capacity Expo","isPartOf":{"@id":"https:\/\/www.capacityexpo.com\/#website"},"primaryImageOfPage":{"@id":"https:\/\/www.capacityexpo.com\/en\/projects\/municipal-museum-of-veseli-nad-moravou\/#primaryimage"},"image":{"@id":"https:\/\/www.capacityexpo.com\/en\/projects\/municipal-museum-of-veseli-nad-moravou\/#primaryimage"},"thumbnailUrl":"https:\/\/www.capacityexpo.com\/wp-content\/uploads\/2022\/08\/Mestske-muzeum-Veseli-nad-Moravou-0-uvodni-foto.webp","datePublished":"2022-08-14T03:24:20+00:00","dateModified":"2024-07-15T14:21:48+00:00","breadcrumb":{"@id":"https:\/\/www.capacityexpo.com\/en\/projects\/municipal-museum-of-veseli-nad-moravou\/#breadcrumb"},"inLanguage":"en-US","potentialAction":[{"@type":"ReadAction","target":["https:\/\/www.capacityexpo.com\/en\/projects\/municipal-museum-of-veseli-nad-moravou\/"]}]},{"@type":"ImageObject","inLanguage":"en-US","@id":"https:\/\/www.capacityexpo.com\/en\/projects\/municipal-museum-of-veseli-nad-moravou\/#primaryimage","url":"https:\/\/www.capacityexpo.com\/wp-content\/uploads\/2022\/08\/Mestske-muzeum-Veseli-nad-Moravou-0-uvodni-foto.webp","contentUrl":"https:\/\/www.capacityexpo.com\/wp-content\/uploads\/2022\/08\/Mestske-muzeum-Veseli-nad-Moravou-0-uvodni-foto.webp","width":2400,"height":1432},{"@type":"BreadcrumbList","@id":"https:\/\/www.capacityexpo.com\/en\/projects\/municipal-museum-of-veseli-nad-moravou\/#breadcrumb","itemListElement":[{"@type":"ListItem","position":1,"name":"Dom\u016f","item":"https:\/\/www.capacityexpo.com\/en\/capacity-expo\/"},{"@type":"ListItem","position":2,"name":"Municipal Museum of Vesel\u00ed nad Moravou"}]},{"@type":"WebSite","@id":"https:\/\/www.capacityexpo.com\/#website","url":"https:\/\/www.capacityexpo.com\/","name":"Capacity Expo","description":"Ji\u017e od roku 2014 navrhujeme a realizujeme   muzejn\u00ed a v\u00fdstavn\u00ed expozice","publisher":{"@id":"https:\/\/www.capacityexpo.com\/#organization"},"potentialAction":[{"@type":"SearchAction","target":{"@type":"EntryPoint","urlTemplate":"https:\/\/www.capacityexpo.com\/?s={search_term_string}"},"query-input":{"@type":"PropertyValueSpecification","valueRequired":true,"valueName":"search_term_string"}}],"inLanguage":"en-US"},{"@type":"Organization","@id":"https:\/\/www.capacityexpo.com\/#organization","name":"Capacity Expo","url":"https:\/\/www.capacityexpo.com\/","logo":{"@type":"ImageObject","inLanguage":"en-US","@id":"https:\/\/www.capacityexpo.com\/#\/schema\/logo\/image\/","url":"https:\/\/www.capacityexpo.com\/wp-content\/uploads\/capacity_expo-logo-oneline.png","contentUrl":"https:\/\/www.capacityexpo.com\/wp-content\/uploads\/capacity_expo-logo-oneline.png","width":2057,"height":304,"caption":"Capacity Expo"},"image":{"@id":"https:\/\/www.capacityexpo.com\/#\/schema\/logo\/image\/"}},{"@type":"Person","@id":"https:\/\/www.capacityexpo.com\/#\/schema\/person\/545d4aa069b5cdae4765dc659c13e7f2","name":"vit.bubenicek@wwworks-vyvoj.cz","image":{"@type":"ImageObject","inLanguage":"en-US","@id":"https:\/\/secure.gravatar.com\/avatar\/9b2a6f5f84eed6f34deb36f7c1c6ce9c042e8581c921dc9642d293c826f7fbae?s=96&d=mm&r=g","url":"https:\/\/secure.gravatar.com\/avatar\/9b2a6f5f84eed6f34deb36f7c1c6ce9c042e8581c921dc9642d293c826f7fbae?s=96&d=mm&r=g","contentUrl":"https:\/\/secure.gravatar.com\/avatar\/9b2a6f5f84eed6f34deb36f7c1c6ce9c042e8581c921dc9642d293c826f7fbae?s=96&d=mm&r=g","caption":"vit.bubenicek@wwworks-vyvoj.cz"},"url":"https:\/\/www.capacityexpo.com\/en\/author\/vit-bubenicekwwworks-cz\/"}]}},"_links":{"self":[{"href":"https:\/\/www.capacityexpo.com\/en\/wp-json\/wp\/v2\/posts\/4128","targetHints":{"allow":["GET"]}}],"collection":[{"href":"https:\/\/www.capacityexpo.com\/en\/wp-json\/wp\/v2\/posts"}],"about":[{"href":"https:\/\/www.capacityexpo.com\/en\/wp-json\/wp\/v2\/types\/post"}],"author":[{"embeddable":true,"href":"https:\/\/www.capacityexpo.com\/en\/wp-json\/wp\/v2\/users\/4"}],"replies":[{"embeddable":true,"href":"https:\/\/www.capacityexpo.com\/en\/wp-json\/wp\/v2\/comments?post=4128"}],"version-history":[{"count":3,"href":"https:\/\/www.capacityexpo.com\/en\/wp-json\/wp\/v2\/posts\/4128\/revisions"}],"predecessor-version":[{"id":4133,"href":"https:\/\/www.capacityexpo.com\/en\/wp-json\/wp\/v2\/posts\/4128\/revisions\/4133"}],"wp:featuredmedia":[{"embeddable":true,"href":"https:\/\/www.capacityexpo.com\/en\/wp-json\/wp\/v2\/media\/4123"}],"wp:attachment":[{"href":"https:\/\/www.capacityexpo.com\/en\/wp-json\/wp\/v2\/media?parent=4128"}],"wp:term":[{"taxonomy":"category","embeddable":true,"href":"https:\/\/www.capacityexpo.com\/en\/wp-json\/wp\/v2\/categories?post=4128"},{"taxonomy":"post_tag","embeddable":true,"href":"https:\/\/www.capacityexpo.com\/en\/wp-json\/wp\/v2\/tags?post=4128"}],"curies":[{"name":"wp","href":"https:\/\/api.w.org\/{rel}","templated":true}]}}