{"id":2248,"date":"2023-03-22T11:50:38","date_gmt":"2023-03-22T10:50:38","guid":{"rendered":"https:\/\/www.capacityexpo.com\/unkategorisiert\/waelder-in-der-tschechischen-republik\/"},"modified":"2024-04-05T11:34:20","modified_gmt":"2024-04-05T09:34:20","slug":"waelder-in-der-tschechischen-republik","status":"publish","type":"post","link":"https:\/\/www.capacityexpo.com\/de\/projekte\/waelder-in-der-tschechischen-republik\/","title":{"rendered":"W\u00e4lder in der Tschechischen Republik"},"content":{"rendered":"\t\t<div data-elementor-type=\"wp-post\" data-elementor-id=\"2248\" class=\"elementor elementor-2248 elementor-995\" data-elementor-post-type=\"post\">\n\t\t\t\t\t\t<section data-particle_enable=\"false\" data-particle-mobile-disabled=\"false\" class=\"elementor-section elementor-top-section elementor-element elementor-element-cb1a4e0 elementor-section-boxed elementor-section-height-default elementor-section-height-default\" data-id=\"cb1a4e0\" data-element_type=\"section\">\n\t\t\t\t\t\t<div class=\"elementor-container elementor-column-gap-default\">\n\t\t\t\t\t<div class=\"elementor-column elementor-col-100 elementor-top-column elementor-element elementor-element-68b989d\" data-id=\"68b989d\" data-element_type=\"column\">\n\t\t\t<div class=\"elementor-widget-wrap elementor-element-populated\">\n\t\t\t\t\t\t<div class=\"elementor-element elementor-element-0795d26 elementor-widget elementor-widget-template\" data-id=\"0795d26\" data-element_type=\"widget\" data-widget_type=\"template.default\">\n\t\t\t\t<div class=\"elementor-widget-container\">\n\t\t\t\t\t\t\t<div class=\"elementor-template\">\n\t\t\t\t\t<div data-elementor-type=\"single-page\" data-elementor-id=\"3367\" class=\"elementor elementor-3367\" data-elementor-post-type=\"elementor_library\">\n\t\t\t\t\t<section data-particle_enable=\"false\" data-particle-mobile-disabled=\"false\" class=\"elementor-section elementor-top-section elementor-element elementor-element-e78b1fd elementor-section-height-min-height elementor-section-boxed elementor-section-height-default elementor-section-items-middle\" data-id=\"e78b1fd\" data-element_type=\"section\" data-settings=\"{&quot;background_background&quot;:&quot;classic&quot;}\">\n\t\t\t\t\t\t\t<div class=\"elementor-background-overlay\"><\/div>\n\t\t\t\t\t\t\t<div class=\"elementor-container elementor-column-gap-default\">\n\t\t\t\t\t<div class=\"elementor-column elementor-col-100 elementor-top-column elementor-element elementor-element-8ba213c\" data-id=\"8ba213c\" data-element_type=\"column\">\n\t\t\t<div class=\"elementor-widget-wrap elementor-element-populated\">\n\t\t\t\t\t\t<div class=\"elementor-element elementor-element-cbd8814 elementor-widget elementor-widget-heading\" data-id=\"cbd8814\" data-element_type=\"widget\" data-widget_type=\"heading.default\">\n\t\t\t\t<div class=\"elementor-widget-container\">\n\t\t\t\t\t<h2 class=\"elementor-heading-title elementor-size-default\">W\u00e4lder in der Tschechischen Republik<\/h2>\t\t\t\t<\/div>\n\t\t\t\t<\/div>\n\t\t\t\t\t<\/div>\n\t\t<\/div>\n\t\t\t\t\t<\/div>\n\t\t<\/section>\n\t\t\t\t<\/div>\n\t\t\t\t<\/div>\n\t\t\t\t\t\t<\/div>\n\t\t\t\t<\/div>\n\t\t\t\t\t<\/div>\n\t\t<\/div>\n\t\t\t\t\t<\/div>\n\t\t<\/section>\n\t\t\t\t<section data-particle_enable=\"false\" data-particle-mobile-disabled=\"false\" class=\"elementor-section elementor-top-section elementor-element elementor-element-75e29f1b elementor-reverse-mobile_extra elementor-reverse-mobile elementor-section-boxed elementor-section-height-default elementor-section-height-default\" data-id=\"75e29f1b\" data-element_type=\"section\">\n\t\t\t\t\t\t<div class=\"elementor-container elementor-column-gap-default\">\n\t\t\t\t\t<div class=\"elementor-column elementor-col-50 elementor-top-column elementor-element elementor-element-159da1a left-col\" data-id=\"159da1a\" data-element_type=\"column\">\n\t\t\t<div class=\"elementor-widget-wrap elementor-element-populated\">\n\t\t\t\t\t\t<div class=\"elementor-element elementor-element-0b58a90 gallery-spacing-custom elementor-widget elementor-widget-image-gallery\" data-id=\"0b58a90\" data-element_type=\"widget\" data-widget_type=\"image-gallery.default\">\n\t\t\t\t<div class=\"elementor-widget-container\">\n\t\t\t\t\t\t\t<div class=\"elementor-image-gallery\">\n\t\t\t<div id='gallery-1' class='gallery galleryid-2248 gallery-columns-1 gallery-size-full'><figure class='gallery-item'>\n\t\t\t<div class='gallery-icon landscape'>\n\t\t\t\t<img fetchpriority=\"high\" decoding=\"async\" width=\"1920\" height=\"1080\" src=\"https:\/\/www.capacityexpo.com\/wp-content\/uploads\/lesy-cr_01-scaled.jpg\" class=\"attachment-full size-full\" alt=\"\" srcset=\"https:\/\/www.capacityexpo.com\/wp-content\/uploads\/lesy-cr_01-scaled.jpg 1920w, https:\/\/www.capacityexpo.com\/wp-content\/uploads\/lesy-cr_01-300x169.jpg 300w, https:\/\/www.capacityexpo.com\/wp-content\/uploads\/lesy-cr_01-1024x576.jpg 1024w, https:\/\/www.capacityexpo.com\/wp-content\/uploads\/lesy-cr_01-768x432.jpg 768w, https:\/\/www.capacityexpo.com\/wp-content\/uploads\/lesy-cr_01-1536x864.jpg 1536w, https:\/\/www.capacityexpo.com\/wp-content\/uploads\/lesy-cr_01-2048x1152.jpg 2048w\" sizes=\"(max-width: 1920px) 100vw, 1920px\" \/>\n\t\t\t<\/div><\/figure><figure class='gallery-item'>\n\t\t\t<div class='gallery-icon landscape'>\n\t\t\t\t<img decoding=\"async\" width=\"1920\" height=\"1080\" src=\"https:\/\/www.capacityexpo.com\/wp-content\/uploads\/lesy-cr_02-scaled.jpg\" class=\"attachment-full size-full\" alt=\"\" srcset=\"https:\/\/www.capacityexpo.com\/wp-content\/uploads\/lesy-cr_02-scaled.jpg 1920w, https:\/\/www.capacityexpo.com\/wp-content\/uploads\/lesy-cr_02-300x169.jpg 300w, https:\/\/www.capacityexpo.com\/wp-content\/uploads\/lesy-cr_02-1024x576.jpg 1024w, https:\/\/www.capacityexpo.com\/wp-content\/uploads\/lesy-cr_02-768x432.jpg 768w, https:\/\/www.capacityexpo.com\/wp-content\/uploads\/lesy-cr_02-1536x864.jpg 1536w, https:\/\/www.capacityexpo.com\/wp-content\/uploads\/lesy-cr_02-2048x1152.jpg 2048w\" sizes=\"(max-width: 1920px) 100vw, 1920px\" \/>\n\t\t\t<\/div><\/figure><figure class='gallery-item'>\n\t\t\t<div class='gallery-icon landscape'>\n\t\t\t\t<img decoding=\"async\" width=\"1620\" height=\"1080\" src=\"https:\/\/www.capacityexpo.com\/wp-content\/uploads\/lesy-cr_03-scaled.jpg\" class=\"attachment-full size-full\" alt=\"\" srcset=\"https:\/\/www.capacityexpo.com\/wp-content\/uploads\/lesy-cr_03-scaled.jpg 1620w, https:\/\/www.capacityexpo.com\/wp-content\/uploads\/lesy-cr_03-300x200.jpg 300w, https:\/\/www.capacityexpo.com\/wp-content\/uploads\/lesy-cr_03-1024x683.jpg 1024w, https:\/\/www.capacityexpo.com\/wp-content\/uploads\/lesy-cr_03-768x512.jpg 768w, https:\/\/www.capacityexpo.com\/wp-content\/uploads\/lesy-cr_03-1536x1024.jpg 1536w, https:\/\/www.capacityexpo.com\/wp-content\/uploads\/lesy-cr_03-2048x1365.jpg 2048w\" sizes=\"(max-width: 1620px) 100vw, 1620px\" \/>\n\t\t\t<\/div><\/figure><figure class='gallery-item'>\n\t\t\t<div class='gallery-icon landscape'>\n\t\t\t\t<img loading=\"lazy\" decoding=\"async\" width=\"1620\" height=\"1080\" src=\"https:\/\/www.capacityexpo.com\/wp-content\/uploads\/lesy-cr_04-scaled.jpg\" class=\"attachment-full size-full\" alt=\"\" srcset=\"https:\/\/www.capacityexpo.com\/wp-content\/uploads\/lesy-cr_04-scaled.jpg 1620w, https:\/\/www.capacityexpo.com\/wp-content\/uploads\/lesy-cr_04-300x200.jpg 300w, https:\/\/www.capacityexpo.com\/wp-content\/uploads\/lesy-cr_04-1024x683.jpg 1024w, https:\/\/www.capacityexpo.com\/wp-content\/uploads\/lesy-cr_04-768x512.jpg 768w, https:\/\/www.capacityexpo.com\/wp-content\/uploads\/lesy-cr_04-1536x1024.jpg 1536w, https:\/\/www.capacityexpo.com\/wp-content\/uploads\/lesy-cr_04-2048x1365.jpg 2048w\" sizes=\"(max-width: 1620px) 100vw, 1620px\" \/>\n\t\t\t<\/div><\/figure><figure class='gallery-item'>\n\t\t\t<div class='gallery-icon landscape'>\n\t\t\t\t<img loading=\"lazy\" decoding=\"async\" width=\"1620\" height=\"1080\" src=\"https:\/\/www.capacityexpo.com\/wp-content\/uploads\/lesy-cr_05-scaled.jpg\" class=\"attachment-full size-full\" alt=\"\" srcset=\"https:\/\/www.capacityexpo.com\/wp-content\/uploads\/lesy-cr_05-scaled.jpg 1620w, https:\/\/www.capacityexpo.com\/wp-content\/uploads\/lesy-cr_05-300x200.jpg 300w, https:\/\/www.capacityexpo.com\/wp-content\/uploads\/lesy-cr_05-1024x683.jpg 1024w, https:\/\/www.capacityexpo.com\/wp-content\/uploads\/lesy-cr_05-768x512.jpg 768w, https:\/\/www.capacityexpo.com\/wp-content\/uploads\/lesy-cr_05-1536x1024.jpg 1536w, https:\/\/www.capacityexpo.com\/wp-content\/uploads\/lesy-cr_05-2048x1365.jpg 2048w\" sizes=\"(max-width: 1620px) 100vw, 1620px\" \/>\n\t\t\t<\/div><\/figure><figure class='gallery-item'>\n\t\t\t<div class='gallery-icon landscape'>\n\t\t\t\t<img loading=\"lazy\" decoding=\"async\" width=\"1620\" height=\"1080\" src=\"https:\/\/www.capacityexpo.com\/wp-content\/uploads\/lesy-cr_06-scaled.jpg\" class=\"attachment-full size-full\" alt=\"\" srcset=\"https:\/\/www.capacityexpo.com\/wp-content\/uploads\/lesy-cr_06-scaled.jpg 1620w, https:\/\/www.capacityexpo.com\/wp-content\/uploads\/lesy-cr_06-300x200.jpg 300w, https:\/\/www.capacityexpo.com\/wp-content\/uploads\/lesy-cr_06-1024x683.jpg 1024w, https:\/\/www.capacityexpo.com\/wp-content\/uploads\/lesy-cr_06-768x512.jpg 768w, https:\/\/www.capacityexpo.com\/wp-content\/uploads\/lesy-cr_06-1536x1024.jpg 1536w, https:\/\/www.capacityexpo.com\/wp-content\/uploads\/lesy-cr_06-2048x1365.jpg 2048w\" sizes=\"(max-width: 1620px) 100vw, 1620px\" \/>\n\t\t\t<\/div><\/figure>\n\t\t<\/div>\n\t\t<\/div>\n\t\t\t\t\t\t<\/div>\n\t\t\t\t<\/div>\n\t\t\t\t\t<\/div>\n\t\t<\/div>\n\t\t\t\t<div class=\"elementor-column elementor-col-50 elementor-top-column elementor-element elementor-element-53568ee1 right-col\" data-id=\"53568ee1\" data-element_type=\"column\">\n\t\t\t<div class=\"elementor-widget-wrap elementor-element-populated\">\n\t\t\t\t\t\t<section data-particle_enable=\"false\" data-particle-mobile-disabled=\"false\" class=\"elementor-section elementor-inner-section elementor-element elementor-element-cefb4b5 elementor-section-boxed elementor-section-height-default elementor-section-height-default\" data-id=\"cefb4b5\" data-element_type=\"section\">\n\t\t\t\t\t\t<div class=\"elementor-container elementor-column-gap-default\">\n\t\t\t\t\t<div class=\"elementor-column elementor-col-100 elementor-inner-column elementor-element elementor-element-656de6b w-sticky\" data-id=\"656de6b\" data-element_type=\"column\">\n\t\t\t<div class=\"elementor-widget-wrap elementor-element-populated\">\n\t\t\t\t\t\t<div class=\"elementor-element elementor-element-90ebe77 elementor-widget elementor-widget-heading\" data-id=\"90ebe77\" data-element_type=\"widget\" data-widget_type=\"heading.default\">\n\t\t\t\t<div class=\"elementor-widget-container\">\n\t\t\t\t\t<h3 class=\"elementor-heading-title elementor-size-default\">W\u00e4lder in der Tschechischen Republik<\/h3>\t\t\t\t<\/div>\n\t\t\t\t<\/div>\n\t\t\t\t<div class=\"elementor-element elementor-element-b5a347f elementor-widget-tablet_extra__width-initial elementor-widget elementor-widget-global elementor-global-809 elementor-widget-spacer\" data-id=\"b5a347f\" data-element_type=\"widget\" data-widget_type=\"spacer.default\">\n\t\t\t\t<div class=\"elementor-widget-container\">\n\t\t\t\t\t\t\t<div class=\"elementor-spacer\">\n\t\t\t<div class=\"elementor-spacer-inner\"><\/div>\n\t\t<\/div>\n\t\t\t\t\t\t<\/div>\n\t\t\t\t<\/div>\n\t\t\t\t<div class=\"elementor-element elementor-element-2d647b1 elementor-widget elementor-widget-heading\" data-id=\"2d647b1\" data-element_type=\"widget\" data-widget_type=\"heading.default\">\n\t\t\t\t<div class=\"elementor-widget-container\">\n\t\t\t\t\t<p class=\"elementor-heading-title elementor-size-default\">Tempor\u00e4re Ausstellung f\u00fcr die Pr\u00e4sentation des Unternehmens Forests of the Czech Republic auf der Weltausstellung EXPO 2015 in Mailand, Italien.<\/p>\t\t\t\t<\/div>\n\t\t\t\t<\/div>\n\t\t\t\t<div class=\"elementor-element elementor-element-27e4766 elementor-widget-tablet_extra__width-initial elementor-widget elementor-widget-global elementor-global-809 elementor-widget-spacer\" data-id=\"27e4766\" data-element_type=\"widget\" data-widget_type=\"spacer.default\">\n\t\t\t\t<div class=\"elementor-widget-container\">\n\t\t\t\t\t\t\t<div class=\"elementor-spacer\">\n\t\t\t<div class=\"elementor-spacer-inner\"><\/div>\n\t\t<\/div>\n\t\t\t\t\t\t<\/div>\n\t\t\t\t<\/div>\n\t\t\t\t<div class=\"elementor-element elementor-element-56efec0 elementor-widget elementor-widget-text-editor\" data-id=\"56efec0\" data-element_type=\"widget\" data-widget_type=\"text-editor.default\">\n\t\t\t\t<div class=\"elementor-widget-container\">\n\t\t\t\t\t\t\t\t\t\n<p>Datum der Errichtung:<\/p>\n\t\t\t\t\t\t\t\t<\/div>\n\t\t\t\t<\/div>\n\t\t\t\t<div class=\"elementor-element elementor-element-7304b98 elementor-widget elementor-widget-text-editor\" data-id=\"7304b98\" data-element_type=\"widget\" data-widget_type=\"text-editor.default\">\n\t\t\t\t<div class=\"elementor-widget-container\">\n\t\t\t\t\t\t\t\t\t\n<p>2015<\/p>\n\t\t\t\t\t\t\t\t<\/div>\n\t\t\t\t<\/div>\n\t\t\t\t<div class=\"elementor-element elementor-element-651446f elementor-widget-tablet_extra__width-initial elementor-widget elementor-widget-global elementor-global-809 elementor-widget-spacer\" data-id=\"651446f\" data-element_type=\"widget\" data-widget_type=\"spacer.default\">\n\t\t\t\t<div class=\"elementor-widget-container\">\n\t\t\t\t\t\t\t<div class=\"elementor-spacer\">\n\t\t\t<div class=\"elementor-spacer-inner\"><\/div>\n\t\t<\/div>\n\t\t\t\t\t\t<\/div>\n\t\t\t\t<\/div>\n\t\t\t\t<div class=\"elementor-element elementor-element-13b9d46 elementor-widget elementor-widget-text-editor\" data-id=\"13b9d46\" data-element_type=\"widget\" data-widget_type=\"text-editor.default\">\n\t\t\t\t<div class=\"elementor-widget-container\">\n\t\t\t\t\t\t\t\t\t\n<p>Standort:<\/p>\n\t\t\t\t\t\t\t\t<\/div>\n\t\t\t\t<\/div>\n\t\t\t\t<div class=\"elementor-element elementor-element-6246b38 elementor-widget elementor-widget-text-editor\" data-id=\"6246b38\" data-element_type=\"widget\" data-widget_type=\"text-editor.default\">\n\t\t\t\t<div class=\"elementor-widget-container\">\n\t\t\t\t\t\t\t\t\t<p>Weltausstellung Mailand, Italien<\/p>\n\t\t\t\t\t\t\t\t<\/div>\n\t\t\t\t<\/div>\n\t\t\t\t<div class=\"elementor-element elementor-element-960fb29 elementor-widget-tablet_extra__width-initial elementor-widget elementor-widget-global elementor-global-809 elementor-widget-spacer\" data-id=\"960fb29\" data-element_type=\"widget\" data-widget_type=\"spacer.default\">\n\t\t\t\t<div class=\"elementor-widget-container\">\n\t\t\t\t\t\t\t<div class=\"elementor-spacer\">\n\t\t\t<div class=\"elementor-spacer-inner\"><\/div>\n\t\t<\/div>\n\t\t\t\t\t\t<\/div>\n\t\t\t\t<\/div>\n\t\t\t\t<div class=\"elementor-element elementor-element-7e167e0 elementor-widget elementor-widget-text-editor\" data-id=\"7e167e0\" data-element_type=\"widget\" data-widget_type=\"text-editor.default\">\n\t\t\t\t<div class=\"elementor-widget-container\">\n\t\t\t\t\t\t\t\t\t\n<p>Umfang der Durchf\u00fchrung:<\/p>\n\t\t\t\t\t\t\t\t<\/div>\n\t\t\t\t<\/div>\n\t\t\t\t<div class=\"elementor-element elementor-element-0d1c761 elementor-widget elementor-widget-text-editor\" data-id=\"0d1c761\" data-element_type=\"widget\" data-widget_type=\"text-editor.default\">\n\t\t\t\t<div class=\"elementor-widget-container\">\n\t\t\t\t\t\t\t\t\t<p>Gestaltung und umfassende Umsetzung der Ausstellung<\/p>\n\t\t\t\t\t\t\t\t<\/div>\n\t\t\t\t<\/div>\n\t\t\t\t<div class=\"elementor-element elementor-element-8248193 elementor-widget-tablet_extra__width-initial elementor-widget elementor-widget-global elementor-global-809 elementor-widget-spacer\" data-id=\"8248193\" data-element_type=\"widget\" data-widget_type=\"spacer.default\">\n\t\t\t\t<div class=\"elementor-widget-container\">\n\t\t\t\t\t\t\t<div class=\"elementor-spacer\">\n\t\t\t<div class=\"elementor-spacer-inner\"><\/div>\n\t\t<\/div>\n\t\t\t\t\t\t<\/div>\n\t\t\t\t<\/div>\n\t\t\t\t<div class=\"elementor-element elementor-element-77712cd elementor-widget elementor-widget-text-editor\" data-id=\"77712cd\" data-element_type=\"widget\" data-widget_type=\"text-editor.default\">\n\t\t\t\t<div class=\"elementor-widget-container\">\n\t\t\t\t\t\t\t\t\t\n<p>Zusammenarbeit:<\/p>\n\t\t\t\t\t\t\t\t<\/div>\n\t\t\t\t<\/div>\n\t\t\t\t<div class=\"elementor-element elementor-element-98b7fd7 elementor-widget elementor-widget-text-editor\" data-id=\"98b7fd7\" data-element_type=\"widget\" data-widget_type=\"text-editor.default\">\n\t\t\t\t<div class=\"elementor-widget-container\">\n\t\t\t\t\t\t\t\t\t<p>Autor &#8211; David P\u0159ikryl<\/p>\n\t\t\t\t\t\t\t\t<\/div>\n\t\t\t\t<\/div>\n\t\t\t\t<div class=\"elementor-element elementor-element-e6199e7 elementor-widget-tablet_extra__width-initial elementor-widget elementor-widget-global elementor-global-809 elementor-widget-spacer\" data-id=\"e6199e7\" data-element_type=\"widget\" data-widget_type=\"spacer.default\">\n\t\t\t\t<div class=\"elementor-widget-container\">\n\t\t\t\t\t\t\t<div class=\"elementor-spacer\">\n\t\t\t<div class=\"elementor-spacer-inner\"><\/div>\n\t\t<\/div>\n\t\t\t\t\t\t<\/div>\n\t\t\t\t<\/div>\n\t\t\t\t<div class=\"elementor-element elementor-element-57da9a0 elementor-widget elementor-widget-text-editor\" data-id=\"57da9a0\" data-element_type=\"widget\" data-widget_type=\"text-editor.default\">\n\t\t\t\t<div class=\"elementor-widget-container\">\n\t\t\t\t\t\t\t\t\t\n<p>Kunde:<\/p>\n\t\t\t\t\t\t\t\t<\/div>\n\t\t\t\t<\/div>\n\t\t\t\t<div class=\"elementor-element elementor-element-330d79d elementor-widget__width-auto elementor-widget elementor-widget-image\" data-id=\"330d79d\" data-element_type=\"widget\" data-widget_type=\"image.default\">\n\t\t\t\t<div class=\"elementor-widget-container\">\n\t\t\t\t\t\t\t\t\t\t\t\t\t\t\t<img loading=\"lazy\" decoding=\"async\" width=\"768\" height=\"575\" src=\"https:\/\/www.capacityexpo.com\/wp-content\/uploads\/2023\/07\/Lesy-CR-logo.webp\" class=\"attachment-large size-large wp-image-3522\" alt=\"\" srcset=\"https:\/\/www.capacityexpo.com\/wp-content\/uploads\/2023\/07\/Lesy-CR-logo.webp 768w, https:\/\/www.capacityexpo.com\/wp-content\/uploads\/2023\/07\/Lesy-CR-logo-300x225.webp 300w\" sizes=\"(max-width: 768px) 100vw, 768px\" \/>\t\t\t\t\t\t\t\t\t\t\t\t\t\t\t<\/div>\n\t\t\t\t<\/div>\n\t\t\t\t\t<\/div>\n\t\t<\/div>\n\t\t\t\t\t<\/div>\n\t\t<\/section>\n\t\t\t\t\t<\/div>\n\t\t<\/div>\n\t\t\t\t\t<\/div>\n\t\t<\/section>\n\t\t\t\t<\/div>\n\t\t","protected":false},"excerpt":{"rendered":"<p>Tempor\u00e4re Ausstellung f\u00fcr die Pr\u00e4sentation des Unternehmens Forests of the Czech Republic auf der Weltausstellung EXPO 2015 in Mailand, Italien.<\/p>\n","protected":false},"author":14,"featured_media":1980,"comment_status":"closed","ping_status":"closed","sticky":false,"template":"","format":"standard","meta":{"_acf_changed":false,"inline_featured_image":false,"footnotes":""},"categories":[17],"tags":[],"class_list":["post-2248","post","type-post","status-publish","format-standard","has-post-thumbnail","hentry","category-projekte"],"acf":[],"yoast_head":"<!-- This site is optimized with the Yoast SEO plugin v27.2 - https:\/\/yoast.com\/product\/yoast-seo-wordpress\/ -->\n<title>W\u00e4lder in der Tschechischen Republik - Capacity Expo<\/title>\n<meta name=\"robots\" content=\"index, follow, max-snippet:-1, max-image-preview:large, max-video-preview:-1\" \/>\n<link rel=\"canonical\" href=\"https:\/\/www.capacityexpo.com\/projekty\/lesy-cr\/\" \/>\n<meta property=\"og:locale\" content=\"de_DE\" \/>\n<meta property=\"og:type\" content=\"article\" \/>\n<meta property=\"og:title\" content=\"W\u00e4lder in der Tschechischen Republik - Capacity Expo\" \/>\n<meta property=\"og:description\" content=\"Tempor\u00e4re Ausstellung f\u00fcr die Pr\u00e4sentation des Unternehmens Forests of the Czech Republic auf der Weltausstellung EXPO 2015 in Mailand, Italien.\" \/>\n<meta property=\"og:url\" content=\"https:\/\/www.capacityexpo.com\/projekty\/lesy-cr\/\" \/>\n<meta property=\"og:site_name\" content=\"Capacity Expo\" \/>\n<meta property=\"article:published_time\" content=\"2023-03-22T10:50:38+00:00\" \/>\n<meta property=\"article:modified_time\" content=\"2024-04-05T09:34:20+00:00\" \/>\n<meta property=\"og:image\" content=\"https:\/\/www.capacityexpo.com\/wp-content\/uploads\/intro-img-5.jpg\" \/>\n\t<meta property=\"og:image:width\" content=\"1920\" \/>\n\t<meta property=\"og:image:height\" content=\"790\" \/>\n\t<meta property=\"og:image:type\" content=\"image\/jpeg\" \/>\n<meta name=\"author\" content=\"info@capacityexpo.com\" \/>\n<meta name=\"twitter:card\" content=\"summary_large_image\" \/>\n<meta name=\"twitter:label1\" content=\"Verfasst von\" \/>\n\t<meta name=\"twitter:data1\" content=\"info@capacityexpo.com\" \/>\n<script type=\"application\/ld+json\" class=\"yoast-schema-graph\">{\"@context\":\"https:\/\/schema.org\",\"@graph\":[{\"@type\":\"Article\",\"@id\":\"https:\/\/www.capacityexpo.com\/projekty\/lesy-cr\/#article\",\"isPartOf\":{\"@id\":\"https:\/\/www.capacityexpo.com\/projekty\/lesy-cr\/\"},\"author\":{\"name\":\"info@capacityexpo.com\",\"@id\":\"https:\/\/www.capacityexpo.com\/#\/schema\/person\/231af3c65c7d047853dd12730c34463f\"},\"headline\":\"W\u00e4lder in der Tschechischen Republik\",\"datePublished\":\"2023-03-22T10:50:38+00:00\",\"dateModified\":\"2024-04-05T09:34:20+00:00\",\"mainEntityOfPage\":{\"@id\":\"https:\/\/www.capacityexpo.com\/projekty\/lesy-cr\/\"},\"wordCount\":30,\"publisher\":{\"@id\":\"https:\/\/www.capacityexpo.com\/#organization\"},\"image\":{\"@id\":\"https:\/\/www.capacityexpo.com\/projekty\/lesy-cr\/#primaryimage\"},\"thumbnailUrl\":\"https:\/\/www.capacityexpo.com\/wp-content\/uploads\/intro-img-5.jpg\",\"articleSection\":[\"Projekte\"],\"inLanguage\":\"de\"},{\"@type\":\"WebPage\",\"@id\":\"https:\/\/www.capacityexpo.com\/projekty\/lesy-cr\/\",\"url\":\"https:\/\/www.capacityexpo.com\/projekty\/lesy-cr\/\",\"name\":\"W\u00e4lder in der Tschechischen Republik - Capacity Expo\",\"isPartOf\":{\"@id\":\"https:\/\/www.capacityexpo.com\/#website\"},\"primaryImageOfPage\":{\"@id\":\"https:\/\/www.capacityexpo.com\/projekty\/lesy-cr\/#primaryimage\"},\"image\":{\"@id\":\"https:\/\/www.capacityexpo.com\/projekty\/lesy-cr\/#primaryimage\"},\"thumbnailUrl\":\"https:\/\/www.capacityexpo.com\/wp-content\/uploads\/intro-img-5.jpg\",\"datePublished\":\"2023-03-22T10:50:38+00:00\",\"dateModified\":\"2024-04-05T09:34:20+00:00\",\"breadcrumb\":{\"@id\":\"https:\/\/www.capacityexpo.com\/projekty\/lesy-cr\/#breadcrumb\"},\"inLanguage\":\"de\",\"potentialAction\":[{\"@type\":\"ReadAction\",\"target\":[\"https:\/\/www.capacityexpo.com\/projekty\/lesy-cr\/\"]}]},{\"@type\":\"ImageObject\",\"inLanguage\":\"de\",\"@id\":\"https:\/\/www.capacityexpo.com\/projekty\/lesy-cr\/#primaryimage\",\"url\":\"https:\/\/www.capacityexpo.com\/wp-content\/uploads\/intro-img-5.jpg\",\"contentUrl\":\"https:\/\/www.capacityexpo.com\/wp-content\/uploads\/intro-img-5.jpg\",\"width\":1920,\"height\":790},{\"@type\":\"BreadcrumbList\",\"@id\":\"https:\/\/www.capacityexpo.com\/projekty\/lesy-cr\/#breadcrumb\",\"itemListElement\":[{\"@type\":\"ListItem\",\"position\":1,\"name\":\"Dom\u016f\",\"item\":\"https:\/\/www.capacityexpo.com\/\"},{\"@type\":\"ListItem\",\"position\":2,\"name\":\"W\u00e4lder in der Tschechischen Republik\"}]},{\"@type\":\"WebSite\",\"@id\":\"https:\/\/www.capacityexpo.com\/#website\",\"url\":\"https:\/\/www.capacityexpo.com\/\",\"name\":\"Capacity Expo\",\"description\":\"Ji\u017e od roku 2014 navrhujeme a realizujeme   muzejn\u00ed a v\u00fdstavn\u00ed expozice\",\"publisher\":{\"@id\":\"https:\/\/www.capacityexpo.com\/#organization\"},\"potentialAction\":[{\"@type\":\"SearchAction\",\"target\":{\"@type\":\"EntryPoint\",\"urlTemplate\":\"https:\/\/www.capacityexpo.com\/?s={search_term_string}\"},\"query-input\":{\"@type\":\"PropertyValueSpecification\",\"valueRequired\":true,\"valueName\":\"search_term_string\"}}],\"inLanguage\":\"de\"},{\"@type\":\"Organization\",\"@id\":\"https:\/\/www.capacityexpo.com\/#organization\",\"name\":\"Capacity Expo\",\"url\":\"https:\/\/www.capacityexpo.com\/\",\"logo\":{\"@type\":\"ImageObject\",\"inLanguage\":\"de\",\"@id\":\"https:\/\/www.capacityexpo.com\/#\/schema\/logo\/image\/\",\"url\":\"https:\/\/www.capacityexpo.com\/wp-content\/uploads\/capacity_expo-logo-oneline.png\",\"contentUrl\":\"https:\/\/www.capacityexpo.com\/wp-content\/uploads\/capacity_expo-logo-oneline.png\",\"width\":2057,\"height\":304,\"caption\":\"Capacity Expo\"},\"image\":{\"@id\":\"https:\/\/www.capacityexpo.com\/#\/schema\/logo\/image\/\"}},{\"@type\":\"Person\",\"@id\":\"https:\/\/www.capacityexpo.com\/#\/schema\/person\/231af3c65c7d047853dd12730c34463f\",\"name\":\"info@capacityexpo.com\",\"image\":{\"@type\":\"ImageObject\",\"inLanguage\":\"de\",\"@id\":\"https:\/\/secure.gravatar.com\/avatar\/349d288b7f58b2de27138b80d8812b9799b6e7fe89b5525ad6b0f64b56c2bd35?s=96&d=mm&r=g\",\"url\":\"https:\/\/secure.gravatar.com\/avatar\/349d288b7f58b2de27138b80d8812b9799b6e7fe89b5525ad6b0f64b56c2bd35?s=96&d=mm&r=g\",\"contentUrl\":\"https:\/\/secure.gravatar.com\/avatar\/349d288b7f58b2de27138b80d8812b9799b6e7fe89b5525ad6b0f64b56c2bd35?s=96&d=mm&r=g\",\"caption\":\"info@capacityexpo.com\"},\"url\":\"https:\/\/www.capacityexpo.com\/de\/author\/infocapacityexpo-com\/\"}]}<\/script>\n<!-- \/ Yoast SEO plugin. -->","yoast_head_json":{"title":"W\u00e4lder in der Tschechischen Republik - Capacity Expo","robots":{"index":"index","follow":"follow","max-snippet":"max-snippet:-1","max-image-preview":"max-image-preview:large","max-video-preview":"max-video-preview:-1"},"canonical":"https:\/\/www.capacityexpo.com\/projekty\/lesy-cr\/","og_locale":"de_DE","og_type":"article","og_title":"W\u00e4lder in der Tschechischen Republik - Capacity Expo","og_description":"Tempor\u00e4re Ausstellung f\u00fcr die Pr\u00e4sentation des Unternehmens Forests of the Czech Republic auf der Weltausstellung EXPO 2015 in Mailand, Italien.","og_url":"https:\/\/www.capacityexpo.com\/projekty\/lesy-cr\/","og_site_name":"Capacity Expo","article_published_time":"2023-03-22T10:50:38+00:00","article_modified_time":"2024-04-05T09:34:20+00:00","og_image":[{"width":1920,"height":790,"url":"https:\/\/www.capacityexpo.com\/wp-content\/uploads\/intro-img-5.jpg","type":"image\/jpeg"}],"author":"info@capacityexpo.com","twitter_card":"summary_large_image","twitter_misc":{"Verfasst von":"info@capacityexpo.com"},"schema":{"@context":"https:\/\/schema.org","@graph":[{"@type":"Article","@id":"https:\/\/www.capacityexpo.com\/projekty\/lesy-cr\/#article","isPartOf":{"@id":"https:\/\/www.capacityexpo.com\/projekty\/lesy-cr\/"},"author":{"name":"info@capacityexpo.com","@id":"https:\/\/www.capacityexpo.com\/#\/schema\/person\/231af3c65c7d047853dd12730c34463f"},"headline":"W\u00e4lder in der Tschechischen Republik","datePublished":"2023-03-22T10:50:38+00:00","dateModified":"2024-04-05T09:34:20+00:00","mainEntityOfPage":{"@id":"https:\/\/www.capacityexpo.com\/projekty\/lesy-cr\/"},"wordCount":30,"publisher":{"@id":"https:\/\/www.capacityexpo.com\/#organization"},"image":{"@id":"https:\/\/www.capacityexpo.com\/projekty\/lesy-cr\/#primaryimage"},"thumbnailUrl":"https:\/\/www.capacityexpo.com\/wp-content\/uploads\/intro-img-5.jpg","articleSection":["Projekte"],"inLanguage":"de"},{"@type":"WebPage","@id":"https:\/\/www.capacityexpo.com\/projekty\/lesy-cr\/","url":"https:\/\/www.capacityexpo.com\/projekty\/lesy-cr\/","name":"W\u00e4lder in der Tschechischen Republik - Capacity Expo","isPartOf":{"@id":"https:\/\/www.capacityexpo.com\/#website"},"primaryImageOfPage":{"@id":"https:\/\/www.capacityexpo.com\/projekty\/lesy-cr\/#primaryimage"},"image":{"@id":"https:\/\/www.capacityexpo.com\/projekty\/lesy-cr\/#primaryimage"},"thumbnailUrl":"https:\/\/www.capacityexpo.com\/wp-content\/uploads\/intro-img-5.jpg","datePublished":"2023-03-22T10:50:38+00:00","dateModified":"2024-04-05T09:34:20+00:00","breadcrumb":{"@id":"https:\/\/www.capacityexpo.com\/projekty\/lesy-cr\/#breadcrumb"},"inLanguage":"de","potentialAction":[{"@type":"ReadAction","target":["https:\/\/www.capacityexpo.com\/projekty\/lesy-cr\/"]}]},{"@type":"ImageObject","inLanguage":"de","@id":"https:\/\/www.capacityexpo.com\/projekty\/lesy-cr\/#primaryimage","url":"https:\/\/www.capacityexpo.com\/wp-content\/uploads\/intro-img-5.jpg","contentUrl":"https:\/\/www.capacityexpo.com\/wp-content\/uploads\/intro-img-5.jpg","width":1920,"height":790},{"@type":"BreadcrumbList","@id":"https:\/\/www.capacityexpo.com\/projekty\/lesy-cr\/#breadcrumb","itemListElement":[{"@type":"ListItem","position":1,"name":"Dom\u016f","item":"https:\/\/www.capacityexpo.com\/"},{"@type":"ListItem","position":2,"name":"W\u00e4lder in der Tschechischen Republik"}]},{"@type":"WebSite","@id":"https:\/\/www.capacityexpo.com\/#website","url":"https:\/\/www.capacityexpo.com\/","name":"Capacity Expo","description":"Ji\u017e od roku 2014 navrhujeme a realizujeme   muzejn\u00ed a v\u00fdstavn\u00ed expozice","publisher":{"@id":"https:\/\/www.capacityexpo.com\/#organization"},"potentialAction":[{"@type":"SearchAction","target":{"@type":"EntryPoint","urlTemplate":"https:\/\/www.capacityexpo.com\/?s={search_term_string}"},"query-input":{"@type":"PropertyValueSpecification","valueRequired":true,"valueName":"search_term_string"}}],"inLanguage":"de"},{"@type":"Organization","@id":"https:\/\/www.capacityexpo.com\/#organization","name":"Capacity Expo","url":"https:\/\/www.capacityexpo.com\/","logo":{"@type":"ImageObject","inLanguage":"de","@id":"https:\/\/www.capacityexpo.com\/#\/schema\/logo\/image\/","url":"https:\/\/www.capacityexpo.com\/wp-content\/uploads\/capacity_expo-logo-oneline.png","contentUrl":"https:\/\/www.capacityexpo.com\/wp-content\/uploads\/capacity_expo-logo-oneline.png","width":2057,"height":304,"caption":"Capacity Expo"},"image":{"@id":"https:\/\/www.capacityexpo.com\/#\/schema\/logo\/image\/"}},{"@type":"Person","@id":"https:\/\/www.capacityexpo.com\/#\/schema\/person\/231af3c65c7d047853dd12730c34463f","name":"info@capacityexpo.com","image":{"@type":"ImageObject","inLanguage":"de","@id":"https:\/\/secure.gravatar.com\/avatar\/349d288b7f58b2de27138b80d8812b9799b6e7fe89b5525ad6b0f64b56c2bd35?s=96&d=mm&r=g","url":"https:\/\/secure.gravatar.com\/avatar\/349d288b7f58b2de27138b80d8812b9799b6e7fe89b5525ad6b0f64b56c2bd35?s=96&d=mm&r=g","contentUrl":"https:\/\/secure.gravatar.com\/avatar\/349d288b7f58b2de27138b80d8812b9799b6e7fe89b5525ad6b0f64b56c2bd35?s=96&d=mm&r=g","caption":"info@capacityexpo.com"},"url":"https:\/\/www.capacityexpo.com\/de\/author\/infocapacityexpo-com\/"}]}},"_links":{"self":[{"href":"https:\/\/www.capacityexpo.com\/de\/wp-json\/wp\/v2\/posts\/2248","targetHints":{"allow":["GET"]}}],"collection":[{"href":"https:\/\/www.capacityexpo.com\/de\/wp-json\/wp\/v2\/posts"}],"about":[{"href":"https:\/\/www.capacityexpo.com\/de\/wp-json\/wp\/v2\/types\/post"}],"author":[{"embeddable":true,"href":"https:\/\/www.capacityexpo.com\/de\/wp-json\/wp\/v2\/users\/14"}],"replies":[{"embeddable":true,"href":"https:\/\/www.capacityexpo.com\/de\/wp-json\/wp\/v2\/comments?post=2248"}],"version-history":[{"count":7,"href":"https:\/\/www.capacityexpo.com\/de\/wp-json\/wp\/v2\/posts\/2248\/revisions"}],"predecessor-version":[{"id":3739,"href":"https:\/\/www.capacityexpo.com\/de\/wp-json\/wp\/v2\/posts\/2248\/revisions\/3739"}],"wp:featuredmedia":[{"embeddable":true,"href":"https:\/\/www.capacityexpo.com\/de\/wp-json\/wp\/v2\/media\/1980"}],"wp:attachment":[{"href":"https:\/\/www.capacityexpo.com\/de\/wp-json\/wp\/v2\/media?parent=2248"}],"wp:term":[{"taxonomy":"category","embeddable":true,"href":"https:\/\/www.capacityexpo.com\/de\/wp-json\/wp\/v2\/categories?post=2248"},{"taxonomy":"post_tag","embeddable":true,"href":"https:\/\/www.capacityexpo.com\/de\/wp-json\/wp\/v2\/tags?post=2248"}],"curies":[{"name":"wp","href":"https:\/\/api.w.org\/{rel}","templated":true}]}}