{"id":2229,"date":"2023-07-19T07:59:45","date_gmt":"2023-07-19T05:59:45","guid":{"rendered":"https:\/\/www.capacityexpo.com\/unkategorisiert\/nationalmuseum-fenster-zur-vorgeschichte\/"},"modified":"2025-01-08T13:49:38","modified_gmt":"2025-01-08T12:49:38","slug":"nationalmuseum-fenster-zur-vorgeschichte","status":"publish","type":"post","link":"https:\/\/www.capacityexpo.com\/de\/projekte\/nationalmuseum-fenster-zur-vorgeschichte\/","title":{"rendered":"Nationalmuseum &#8211; Fenster zur Vorgeschichte"},"content":{"rendered":"\t\t<div data-elementor-type=\"wp-post\" data-elementor-id=\"2229\" class=\"elementor elementor-2229 elementor-1109\" data-elementor-post-type=\"post\">\n\t\t\t\t\t\t<section data-particle_enable=\"false\" data-particle-mobile-disabled=\"false\" class=\"elementor-section elementor-top-section elementor-element elementor-element-a62b96b elementor-section-boxed elementor-section-height-default elementor-section-height-default\" data-id=\"a62b96b\" data-element_type=\"section\">\n\t\t\t\t\t\t<div class=\"elementor-container elementor-column-gap-default\">\n\t\t\t\t\t<div class=\"elementor-column elementor-col-100 elementor-top-column elementor-element elementor-element-c75d45d\" data-id=\"c75d45d\" data-element_type=\"column\">\n\t\t\t<div class=\"elementor-widget-wrap elementor-element-populated\">\n\t\t\t\t\t\t<div class=\"elementor-element elementor-element-2630168 elementor-widget elementor-widget-template\" data-id=\"2630168\" data-element_type=\"widget\" data-widget_type=\"template.default\">\n\t\t\t\t<div class=\"elementor-widget-container\">\n\t\t\t\t\t\t\t<div class=\"elementor-template\">\n\t\t\t\t\t<div data-elementor-type=\"single-page\" data-elementor-id=\"3367\" class=\"elementor elementor-3367\" data-elementor-post-type=\"elementor_library\">\n\t\t\t\t\t<section data-particle_enable=\"false\" data-particle-mobile-disabled=\"false\" class=\"elementor-section elementor-top-section elementor-element elementor-element-e78b1fd elementor-section-height-min-height elementor-section-boxed elementor-section-height-default elementor-section-items-middle\" data-id=\"e78b1fd\" data-element_type=\"section\" data-settings=\"{&quot;background_background&quot;:&quot;classic&quot;}\">\n\t\t\t\t\t\t\t<div class=\"elementor-background-overlay\"><\/div>\n\t\t\t\t\t\t\t<div class=\"elementor-container elementor-column-gap-default\">\n\t\t\t\t\t<div class=\"elementor-column elementor-col-100 elementor-top-column elementor-element elementor-element-8ba213c\" data-id=\"8ba213c\" data-element_type=\"column\">\n\t\t\t<div class=\"elementor-widget-wrap elementor-element-populated\">\n\t\t\t\t\t\t<div class=\"elementor-element elementor-element-cbd8814 elementor-widget elementor-widget-heading\" data-id=\"cbd8814\" data-element_type=\"widget\" data-widget_type=\"heading.default\">\n\t\t\t\t<div class=\"elementor-widget-container\">\n\t\t\t\t\t<h2 class=\"elementor-heading-title elementor-size-default\">Nationalmuseum &#8211; Fenster zur Vorgeschichte<\/h2>\t\t\t\t<\/div>\n\t\t\t\t<\/div>\n\t\t\t\t\t<\/div>\n\t\t<\/div>\n\t\t\t\t\t<\/div>\n\t\t<\/section>\n\t\t\t\t<\/div>\n\t\t\t\t<\/div>\n\t\t\t\t\t\t<\/div>\n\t\t\t\t<\/div>\n\t\t\t\t\t<\/div>\n\t\t<\/div>\n\t\t\t\t\t<\/div>\n\t\t<\/section>\n\t\t\t\t<section data-particle_enable=\"false\" data-particle-mobile-disabled=\"false\" class=\"elementor-section elementor-top-section elementor-element elementor-element-75e29f1b elementor-reverse-mobile_extra elementor-reverse-mobile elementor-section-boxed elementor-section-height-default elementor-section-height-default\" data-id=\"75e29f1b\" data-element_type=\"section\">\n\t\t\t\t\t\t<div class=\"elementor-container elementor-column-gap-default\">\n\t\t\t\t\t<div class=\"elementor-column elementor-col-50 elementor-top-column elementor-element elementor-element-159da1a left-col\" data-id=\"159da1a\" data-element_type=\"column\">\n\t\t\t<div class=\"elementor-widget-wrap elementor-element-populated\">\n\t\t\t\t\t\t<div class=\"elementor-element elementor-element-0b58a90 gallery-spacing-custom elementor-widget elementor-widget-image-gallery\" data-id=\"0b58a90\" data-element_type=\"widget\" data-widget_type=\"image-gallery.default\">\n\t\t\t\t<div class=\"elementor-widget-container\">\n\t\t\t\t\t\t\t<div class=\"elementor-image-gallery\">\n\t\t\t<div id='gallery-1' class='gallery galleryid-2229 gallery-columns-1 gallery-size-full'><figure class='gallery-item'>\n\t\t\t<div class='gallery-icon portrait'>\n\t\t\t\t<img fetchpriority=\"high\" decoding=\"async\" width=\"720\" height=\"1080\" src=\"https:\/\/www.capacityexpo.com\/wp-content\/uploads\/nm-okna-do-praveku-2-scaled.jpg\" class=\"attachment-full size-full\" alt=\"\" srcset=\"https:\/\/www.capacityexpo.com\/wp-content\/uploads\/nm-okna-do-praveku-2-scaled.jpg 720w, https:\/\/www.capacityexpo.com\/wp-content\/uploads\/nm-okna-do-praveku-2-200x300.jpg 200w, https:\/\/www.capacityexpo.com\/wp-content\/uploads\/nm-okna-do-praveku-2-683x1024.jpg 683w, https:\/\/www.capacityexpo.com\/wp-content\/uploads\/nm-okna-do-praveku-2-768x1152.jpg 768w, https:\/\/www.capacityexpo.com\/wp-content\/uploads\/nm-okna-do-praveku-2-1024x1536.jpg 1024w, https:\/\/www.capacityexpo.com\/wp-content\/uploads\/nm-okna-do-praveku-2-1365x2048.jpg 1365w\" sizes=\"(max-width: 720px) 100vw, 720px\" \/>\n\t\t\t<\/div><\/figure><figure class='gallery-item'>\n\t\t\t<div class='gallery-icon landscape'>\n\t\t\t\t<img decoding=\"async\" width=\"1620\" height=\"1080\" src=\"https:\/\/www.capacityexpo.com\/wp-content\/uploads\/nm-okna-do-praveku-3-scaled.jpg\" class=\"attachment-full size-full\" alt=\"\" srcset=\"https:\/\/www.capacityexpo.com\/wp-content\/uploads\/nm-okna-do-praveku-3-scaled.jpg 1620w, https:\/\/www.capacityexpo.com\/wp-content\/uploads\/nm-okna-do-praveku-3-300x200.jpg 300w, https:\/\/www.capacityexpo.com\/wp-content\/uploads\/nm-okna-do-praveku-3-1024x683.jpg 1024w, https:\/\/www.capacityexpo.com\/wp-content\/uploads\/nm-okna-do-praveku-3-768x512.jpg 768w, https:\/\/www.capacityexpo.com\/wp-content\/uploads\/nm-okna-do-praveku-3-1536x1024.jpg 1536w, https:\/\/www.capacityexpo.com\/wp-content\/uploads\/nm-okna-do-praveku-3-2048x1365.jpg 2048w\" sizes=\"(max-width: 1620px) 100vw, 1620px\" \/>\n\t\t\t<\/div><\/figure><figure class='gallery-item'>\n\t\t\t<div class='gallery-icon portrait'>\n\t\t\t\t<img decoding=\"async\" width=\"720\" height=\"1080\" src=\"https:\/\/www.capacityexpo.com\/wp-content\/uploads\/nm-okna-do-praveku-4-scaled.jpg\" class=\"attachment-full size-full\" alt=\"\" srcset=\"https:\/\/www.capacityexpo.com\/wp-content\/uploads\/nm-okna-do-praveku-4-scaled.jpg 720w, https:\/\/www.capacityexpo.com\/wp-content\/uploads\/nm-okna-do-praveku-4-200x300.jpg 200w, https:\/\/www.capacityexpo.com\/wp-content\/uploads\/nm-okna-do-praveku-4-683x1024.jpg 683w, https:\/\/www.capacityexpo.com\/wp-content\/uploads\/nm-okna-do-praveku-4-768x1152.jpg 768w, https:\/\/www.capacityexpo.com\/wp-content\/uploads\/nm-okna-do-praveku-4-1024x1536.jpg 1024w, https:\/\/www.capacityexpo.com\/wp-content\/uploads\/nm-okna-do-praveku-4-1365x2048.jpg 1365w\" sizes=\"(max-width: 720px) 100vw, 720px\" \/>\n\t\t\t<\/div><\/figure><figure class='gallery-item'>\n\t\t\t<div class='gallery-icon portrait'>\n\t\t\t\t<img loading=\"lazy\" decoding=\"async\" width=\"720\" height=\"1080\" src=\"https:\/\/www.capacityexpo.com\/wp-content\/uploads\/nm-okna-do-praveku-5-scaled.jpg\" class=\"attachment-full size-full\" alt=\"\" srcset=\"https:\/\/www.capacityexpo.com\/wp-content\/uploads\/nm-okna-do-praveku-5-scaled.jpg 720w, https:\/\/www.capacityexpo.com\/wp-content\/uploads\/nm-okna-do-praveku-5-200x300.jpg 200w, https:\/\/www.capacityexpo.com\/wp-content\/uploads\/nm-okna-do-praveku-5-683x1024.jpg 683w, https:\/\/www.capacityexpo.com\/wp-content\/uploads\/nm-okna-do-praveku-5-768x1152.jpg 768w, https:\/\/www.capacityexpo.com\/wp-content\/uploads\/nm-okna-do-praveku-5-1024x1536.jpg 1024w, https:\/\/www.capacityexpo.com\/wp-content\/uploads\/nm-okna-do-praveku-5-1365x2048.jpg 1365w\" sizes=\"(max-width: 720px) 100vw, 720px\" \/>\n\t\t\t<\/div><\/figure><figure class='gallery-item'>\n\t\t\t<div class='gallery-icon landscape'>\n\t\t\t\t<img loading=\"lazy\" decoding=\"async\" width=\"1920\" height=\"866\" src=\"https:\/\/www.capacityexpo.com\/wp-content\/uploads\/nm-okna-do-praveku-6-scaled.jpg\" class=\"attachment-full size-full\" alt=\"\" srcset=\"https:\/\/www.capacityexpo.com\/wp-content\/uploads\/nm-okna-do-praveku-6-scaled.jpg 1920w, https:\/\/www.capacityexpo.com\/wp-content\/uploads\/nm-okna-do-praveku-6-300x135.jpg 300w, https:\/\/www.capacityexpo.com\/wp-content\/uploads\/nm-okna-do-praveku-6-1024x462.jpg 1024w, https:\/\/www.capacityexpo.com\/wp-content\/uploads\/nm-okna-do-praveku-6-768x346.jpg 768w, https:\/\/www.capacityexpo.com\/wp-content\/uploads\/nm-okna-do-praveku-6-1536x693.jpg 1536w, https:\/\/www.capacityexpo.com\/wp-content\/uploads\/nm-okna-do-praveku-6-2048x923.jpg 2048w\" sizes=\"(max-width: 1920px) 100vw, 1920px\" \/>\n\t\t\t<\/div><\/figure><figure class='gallery-item'>\n\t\t\t<div class='gallery-icon landscape'>\n\t\t\t\t<img loading=\"lazy\" decoding=\"async\" width=\"1121\" height=\"1080\" src=\"https:\/\/www.capacityexpo.com\/wp-content\/uploads\/nm-okna-do-praveku-7-scaled.jpg\" class=\"attachment-full size-full\" alt=\"\" srcset=\"https:\/\/www.capacityexpo.com\/wp-content\/uploads\/nm-okna-do-praveku-7-scaled.jpg 1121w, https:\/\/www.capacityexpo.com\/wp-content\/uploads\/nm-okna-do-praveku-7-300x289.jpg 300w, https:\/\/www.capacityexpo.com\/wp-content\/uploads\/nm-okna-do-praveku-7-1024x986.jpg 1024w, https:\/\/www.capacityexpo.com\/wp-content\/uploads\/nm-okna-do-praveku-7-768x739.jpg 768w, https:\/\/www.capacityexpo.com\/wp-content\/uploads\/nm-okna-do-praveku-7-1536x1479.jpg 1536w, https:\/\/www.capacityexpo.com\/wp-content\/uploads\/nm-okna-do-praveku-7-2048x1972.jpg 2048w\" sizes=\"(max-width: 1121px) 100vw, 1121px\" \/>\n\t\t\t<\/div><\/figure><figure class='gallery-item'>\n\t\t\t<div class='gallery-icon landscape'>\n\t\t\t\t<img loading=\"lazy\" decoding=\"async\" width=\"1620\" height=\"1080\" src=\"https:\/\/www.capacityexpo.com\/wp-content\/uploads\/nm-okna-do-praveku-8-scaled.jpg\" class=\"attachment-full size-full\" alt=\"\" srcset=\"https:\/\/www.capacityexpo.com\/wp-content\/uploads\/nm-okna-do-praveku-8-scaled.jpg 1620w, https:\/\/www.capacityexpo.com\/wp-content\/uploads\/nm-okna-do-praveku-8-300x200.jpg 300w, https:\/\/www.capacityexpo.com\/wp-content\/uploads\/nm-okna-do-praveku-8-1024x683.jpg 1024w, https:\/\/www.capacityexpo.com\/wp-content\/uploads\/nm-okna-do-praveku-8-768x512.jpg 768w, https:\/\/www.capacityexpo.com\/wp-content\/uploads\/nm-okna-do-praveku-8-1536x1024.jpg 1536w, https:\/\/www.capacityexpo.com\/wp-content\/uploads\/nm-okna-do-praveku-8-2048x1365.jpg 2048w\" sizes=\"(max-width: 1620px) 100vw, 1620px\" \/>\n\t\t\t<\/div><\/figure><figure class='gallery-item'>\n\t\t\t<div class='gallery-icon landscape'>\n\t\t\t\t<img loading=\"lazy\" decoding=\"async\" width=\"1920\" height=\"989\" src=\"https:\/\/www.capacityexpo.com\/wp-content\/uploads\/nm-okna-do-praveku-9-scaled.jpg\" class=\"attachment-full size-full\" alt=\"\" srcset=\"https:\/\/www.capacityexpo.com\/wp-content\/uploads\/nm-okna-do-praveku-9-scaled.jpg 1920w, https:\/\/www.capacityexpo.com\/wp-content\/uploads\/nm-okna-do-praveku-9-300x155.jpg 300w, https:\/\/www.capacityexpo.com\/wp-content\/uploads\/nm-okna-do-praveku-9-1024x527.jpg 1024w, https:\/\/www.capacityexpo.com\/wp-content\/uploads\/nm-okna-do-praveku-9-768x396.jpg 768w, https:\/\/www.capacityexpo.com\/wp-content\/uploads\/nm-okna-do-praveku-9-1536x791.jpg 1536w, https:\/\/www.capacityexpo.com\/wp-content\/uploads\/nm-okna-do-praveku-9-2048x1055.jpg 2048w\" sizes=\"(max-width: 1920px) 100vw, 1920px\" \/>\n\t\t\t<\/div><\/figure><figure class='gallery-item'>\n\t\t\t<div class='gallery-icon landscape'>\n\t\t\t\t<img loading=\"lazy\" decoding=\"async\" width=\"1620\" height=\"1080\" src=\"https:\/\/www.capacityexpo.com\/wp-content\/uploads\/nm-okna-do-praveku-10-scaled.jpg\" class=\"attachment-full size-full\" alt=\"\" srcset=\"https:\/\/www.capacityexpo.com\/wp-content\/uploads\/nm-okna-do-praveku-10-scaled.jpg 1620w, https:\/\/www.capacityexpo.com\/wp-content\/uploads\/nm-okna-do-praveku-10-300x200.jpg 300w, https:\/\/www.capacityexpo.com\/wp-content\/uploads\/nm-okna-do-praveku-10-1024x683.jpg 1024w, https:\/\/www.capacityexpo.com\/wp-content\/uploads\/nm-okna-do-praveku-10-768x512.jpg 768w, https:\/\/www.capacityexpo.com\/wp-content\/uploads\/nm-okna-do-praveku-10-1536x1024.jpg 1536w, https:\/\/www.capacityexpo.com\/wp-content\/uploads\/nm-okna-do-praveku-10-2048x1365.jpg 2048w\" sizes=\"(max-width: 1620px) 100vw, 1620px\" \/>\n\t\t\t<\/div><\/figure><figure class='gallery-item'>\n\t\t\t<div class='gallery-icon landscape'>\n\t\t\t\t<img loading=\"lazy\" decoding=\"async\" width=\"1620\" height=\"1080\" src=\"https:\/\/www.capacityexpo.com\/wp-content\/uploads\/nm-okna-do-praveku-11-scaled.jpg\" class=\"attachment-full size-full\" alt=\"\" srcset=\"https:\/\/www.capacityexpo.com\/wp-content\/uploads\/nm-okna-do-praveku-11-scaled.jpg 1620w, https:\/\/www.capacityexpo.com\/wp-content\/uploads\/nm-okna-do-praveku-11-300x200.jpg 300w, https:\/\/www.capacityexpo.com\/wp-content\/uploads\/nm-okna-do-praveku-11-1024x683.jpg 1024w, https:\/\/www.capacityexpo.com\/wp-content\/uploads\/nm-okna-do-praveku-11-768x512.jpg 768w, https:\/\/www.capacityexpo.com\/wp-content\/uploads\/nm-okna-do-praveku-11-1536x1024.jpg 1536w, https:\/\/www.capacityexpo.com\/wp-content\/uploads\/nm-okna-do-praveku-11-2048x1365.jpg 2048w\" sizes=\"(max-width: 1620px) 100vw, 1620px\" \/>\n\t\t\t<\/div><\/figure><figure class='gallery-item'>\n\t\t\t<div class='gallery-icon landscape'>\n\t\t\t\t<img loading=\"lazy\" decoding=\"async\" width=\"1620\" height=\"1080\" src=\"https:\/\/www.capacityexpo.com\/wp-content\/uploads\/nm-okna-do-praveku-12-scaled.jpg\" class=\"attachment-full size-full\" alt=\"\" srcset=\"https:\/\/www.capacityexpo.com\/wp-content\/uploads\/nm-okna-do-praveku-12-scaled.jpg 1620w, https:\/\/www.capacityexpo.com\/wp-content\/uploads\/nm-okna-do-praveku-12-300x200.jpg 300w, https:\/\/www.capacityexpo.com\/wp-content\/uploads\/nm-okna-do-praveku-12-1024x683.jpg 1024w, https:\/\/www.capacityexpo.com\/wp-content\/uploads\/nm-okna-do-praveku-12-768x512.jpg 768w, https:\/\/www.capacityexpo.com\/wp-content\/uploads\/nm-okna-do-praveku-12-1536x1024.jpg 1536w, https:\/\/www.capacityexpo.com\/wp-content\/uploads\/nm-okna-do-praveku-12-2048x1365.jpg 2048w\" sizes=\"(max-width: 1620px) 100vw, 1620px\" \/>\n\t\t\t<\/div><\/figure><figure class='gallery-item'>\n\t\t\t<div class='gallery-icon landscape'>\n\t\t\t\t<img loading=\"lazy\" decoding=\"async\" width=\"1527\" height=\"1080\" src=\"https:\/\/www.capacityexpo.com\/wp-content\/uploads\/Schema-1.patro_-scaled.jpg\" class=\"attachment-full size-full\" alt=\"\" srcset=\"https:\/\/www.capacityexpo.com\/wp-content\/uploads\/Schema-1.patro_-scaled.jpg 1527w, https:\/\/www.capacityexpo.com\/wp-content\/uploads\/Schema-1.patro_-300x212.jpg 300w, https:\/\/www.capacityexpo.com\/wp-content\/uploads\/Schema-1.patro_-1024x724.jpg 1024w, https:\/\/www.capacityexpo.com\/wp-content\/uploads\/Schema-1.patro_-768x543.jpg 768w, https:\/\/www.capacityexpo.com\/wp-content\/uploads\/Schema-1.patro_-1536x1086.jpg 1536w, https:\/\/www.capacityexpo.com\/wp-content\/uploads\/Schema-1.patro_-2048x1449.jpg 2048w\" sizes=\"(max-width: 1527px) 100vw, 1527px\" \/>\n\t\t\t<\/div><\/figure>\n\t\t<\/div>\n\t\t<\/div>\n\t\t\t\t\t\t<\/div>\n\t\t\t\t<\/div>\n\t\t\t\t\t<\/div>\n\t\t<\/div>\n\t\t\t\t<div class=\"elementor-column elementor-col-50 elementor-top-column elementor-element elementor-element-53568ee1 right-col\" data-id=\"53568ee1\" data-element_type=\"column\">\n\t\t\t<div class=\"elementor-widget-wrap elementor-element-populated\">\n\t\t\t\t\t\t<section data-particle_enable=\"false\" data-particle-mobile-disabled=\"false\" class=\"elementor-section elementor-inner-section elementor-element elementor-element-cefb4b5 elementor-section-boxed elementor-section-height-default elementor-section-height-default\" data-id=\"cefb4b5\" data-element_type=\"section\">\n\t\t\t\t\t\t<div class=\"elementor-container elementor-column-gap-default\">\n\t\t\t\t\t<div class=\"elementor-column elementor-col-100 elementor-inner-column elementor-element elementor-element-656de6b w-sticky\" data-id=\"656de6b\" data-element_type=\"column\">\n\t\t\t<div class=\"elementor-widget-wrap elementor-element-populated\">\n\t\t\t\t\t\t<div class=\"elementor-element elementor-element-fb5e6dc elementor-widget elementor-widget-heading\" data-id=\"fb5e6dc\" data-element_type=\"widget\" data-widget_type=\"heading.default\">\n\t\t\t\t<div class=\"elementor-widget-container\">\n\t\t\t\t\t<h3 class=\"elementor-heading-title elementor-size-default\">Nationalmuseum &#8211; Fenster zur Vorgeschichte<\/h3>\t\t\t\t<\/div>\n\t\t\t\t<\/div>\n\t\t\t\t<div class=\"elementor-element elementor-element-b5a347f elementor-widget-tablet_extra__width-initial elementor-widget elementor-widget-global elementor-global-809 elementor-widget-spacer\" data-id=\"b5a347f\" data-element_type=\"widget\" data-widget_type=\"spacer.default\">\n\t\t\t\t<div class=\"elementor-widget-container\">\n\t\t\t\t\t\t\t<div class=\"elementor-spacer\">\n\t\t\t<div class=\"elementor-spacer-inner\"><\/div>\n\t\t<\/div>\n\t\t\t\t\t\t<\/div>\n\t\t\t\t<\/div>\n\t\t\t\t<div class=\"elementor-element elementor-element-bfdeb60 elementor-widget elementor-widget-heading\" data-id=\"bfdeb60\" data-element_type=\"widget\" data-widget_type=\"heading.default\">\n\t\t\t\t<div class=\"elementor-widget-container\">\n\t\t\t\t\t<p class=\"elementor-heading-title elementor-size-default\">Die Dauerausstellung Fenster zur Vorgeschichte zeigt die Entwicklung der Erde im rekonstruierten historischen Geb\u00e4ude des Nationalmuseums in Prag.<\/p>\t\t\t\t<\/div>\n\t\t\t\t<\/div>\n\t\t\t\t<div class=\"elementor-element elementor-element-27e4766 elementor-widget-tablet_extra__width-initial elementor-widget elementor-widget-global elementor-global-809 elementor-widget-spacer\" data-id=\"27e4766\" data-element_type=\"widget\" data-widget_type=\"spacer.default\">\n\t\t\t\t<div class=\"elementor-widget-container\">\n\t\t\t\t\t\t\t<div class=\"elementor-spacer\">\n\t\t\t<div class=\"elementor-spacer-inner\"><\/div>\n\t\t<\/div>\n\t\t\t\t\t\t<\/div>\n\t\t\t\t<\/div>\n\t\t\t\t<div class=\"elementor-element elementor-element-56efec0 elementor-widget elementor-widget-text-editor\" data-id=\"56efec0\" data-element_type=\"widget\" data-widget_type=\"text-editor.default\">\n\t\t\t\t<div class=\"elementor-widget-container\">\n\t\t\t\t\t\t\t\t\t\n<p>Datum der Errichtung:<\/p>\n\t\t\t\t\t\t\t\t<\/div>\n\t\t\t\t<\/div>\n\t\t\t\t<div class=\"elementor-element elementor-element-7304b98 elementor-widget elementor-widget-text-editor\" data-id=\"7304b98\" data-element_type=\"widget\" data-widget_type=\"text-editor.default\">\n\t\t\t\t<div class=\"elementor-widget-container\">\n\t\t\t\t\t\t\t\t\t\n<p>2020 \/ 2021<\/p>\n\t\t\t\t\t\t\t\t<\/div>\n\t\t\t\t<\/div>\n\t\t\t\t<div class=\"elementor-element elementor-element-651446f elementor-widget-tablet_extra__width-initial elementor-widget elementor-widget-global elementor-global-809 elementor-widget-spacer\" data-id=\"651446f\" data-element_type=\"widget\" data-widget_type=\"spacer.default\">\n\t\t\t\t<div class=\"elementor-widget-container\">\n\t\t\t\t\t\t\t<div class=\"elementor-spacer\">\n\t\t\t<div class=\"elementor-spacer-inner\"><\/div>\n\t\t<\/div>\n\t\t\t\t\t\t<\/div>\n\t\t\t\t<\/div>\n\t\t\t\t<div class=\"elementor-element elementor-element-13b9d46 elementor-widget elementor-widget-text-editor\" data-id=\"13b9d46\" data-element_type=\"widget\" data-widget_type=\"text-editor.default\">\n\t\t\t\t<div class=\"elementor-widget-container\">\n\t\t\t\t\t\t\t\t\t\n<p>Standort:<\/p>\n\t\t\t\t\t\t\t\t<\/div>\n\t\t\t\t<\/div>\n\t\t\t\t<div class=\"elementor-element elementor-element-6246b38 elementor-widget elementor-widget-text-editor\" data-id=\"6246b38\" data-element_type=\"widget\" data-widget_type=\"text-editor.default\">\n\t\t\t\t<div class=\"elementor-widget-container\">\n\t\t\t\t\t\t\t\t\t<p>Nationalmuseum Prag<\/p>\n\t\t\t\t\t\t\t\t<\/div>\n\t\t\t\t<\/div>\n\t\t\t\t<div class=\"elementor-element elementor-element-960fb29 elementor-widget-tablet_extra__width-initial elementor-widget elementor-widget-global elementor-global-809 elementor-widget-spacer\" data-id=\"960fb29\" data-element_type=\"widget\" data-widget_type=\"spacer.default\">\n\t\t\t\t<div class=\"elementor-widget-container\">\n\t\t\t\t\t\t\t<div class=\"elementor-spacer\">\n\t\t\t<div class=\"elementor-spacer-inner\"><\/div>\n\t\t<\/div>\n\t\t\t\t\t\t<\/div>\n\t\t\t\t<\/div>\n\t\t\t\t<div class=\"elementor-element elementor-element-7e167e0 elementor-widget elementor-widget-text-editor\" data-id=\"7e167e0\" data-element_type=\"widget\" data-widget_type=\"text-editor.default\">\n\t\t\t\t<div class=\"elementor-widget-container\">\n\t\t\t\t\t\t\t\t\t\n<p>Umfang der Durchf\u00fchrung:<\/p>\n\t\t\t\t\t\t\t\t<\/div>\n\t\t\t\t<\/div>\n\t\t\t\t<div class=\"elementor-element elementor-element-0d1c761 elementor-widget elementor-widget-text-editor\" data-id=\"0d1c761\" data-element_type=\"widget\" data-widget_type=\"text-editor.default\">\n\t\t\t\t<div class=\"elementor-widget-container\">\n\t\t\t\t\t\t\t\t\t<p>Projektleitung und teilweise Durchf\u00fchrung der Ausstellung. Lieferung von Beleuchtung, Steuerungssystem, Vitrinen einschlie\u00dflich Klimatisierung. Installation und Inbetriebnahme von AV-Ger\u00e4ten.<\/p><\/p>\n\t\t\t\t\t\t\t\t<\/div>\n\t\t\t\t<\/div>\n\t\t\t\t<div class=\"elementor-element elementor-element-8248193 elementor-widget-tablet_extra__width-initial elementor-widget elementor-widget-global elementor-global-809 elementor-widget-spacer\" data-id=\"8248193\" data-element_type=\"widget\" data-widget_type=\"spacer.default\">\n\t\t\t\t<div class=\"elementor-widget-container\">\n\t\t\t\t\t\t\t<div class=\"elementor-spacer\">\n\t\t\t<div class=\"elementor-spacer-inner\"><\/div>\n\t\t<\/div>\n\t\t\t\t\t\t<\/div>\n\t\t\t\t<\/div>\n\t\t\t\t<div class=\"elementor-element elementor-element-77712cd elementor-widget elementor-widget-text-editor\" data-id=\"77712cd\" data-element_type=\"widget\" data-widget_type=\"text-editor.default\">\n\t\t\t\t<div class=\"elementor-widget-container\">\n\t\t\t\t\t\t\t\t\t\n<p>Zusammenarbeit:<\/p>\n\t\t\t\t\t\t\t\t<\/div>\n\t\t\t\t<\/div>\n\t\t\t\t<div class=\"elementor-element elementor-element-98b7fd7 elementor-widget elementor-widget-text-editor\" data-id=\"98b7fd7\" data-element_type=\"widget\" data-widget_type=\"text-editor.default\">\n\t\t\t\t<div class=\"elementor-widget-container\">\n\t\t\t\t\t\t\t\t\t<p>Die Autoren der Ausstellung Ing. arch. Daniel K\u0159\u00ed\u017e, Ing. arch. Jan Albrecht und MgA. Renata Sl\u00e1mkov\u00e1<\/p>\n\t\t\t\t\t\t\t\t<\/div>\n\t\t\t\t<\/div>\n\t\t\t\t<div class=\"elementor-element elementor-element-e6199e7 elementor-widget-tablet_extra__width-initial elementor-widget elementor-widget-global elementor-global-809 elementor-widget-spacer\" data-id=\"e6199e7\" data-element_type=\"widget\" data-widget_type=\"spacer.default\">\n\t\t\t\t<div class=\"elementor-widget-container\">\n\t\t\t\t\t\t\t<div class=\"elementor-spacer\">\n\t\t\t<div class=\"elementor-spacer-inner\"><\/div>\n\t\t<\/div>\n\t\t\t\t\t\t<\/div>\n\t\t\t\t<\/div>\n\t\t\t\t<div class=\"elementor-element elementor-element-57da9a0 elementor-widget elementor-widget-text-editor\" data-id=\"57da9a0\" data-element_type=\"widget\" data-widget_type=\"text-editor.default\">\n\t\t\t\t<div class=\"elementor-widget-container\">\n\t\t\t\t\t\t\t\t\t\n<p>Kunde:<\/p>\n\t\t\t\t\t\t\t\t<\/div>\n\t\t\t\t<\/div>\n\t\t\t\t<div class=\"elementor-element elementor-element-330d79d elementor-widget__width-auto elementor-widget elementor-widget-image\" data-id=\"330d79d\" data-element_type=\"widget\" data-widget_type=\"image.default\">\n\t\t\t\t<div class=\"elementor-widget-container\">\n\t\t\t\t\t\t\t\t\t\t\t\t\t\t\t<img loading=\"lazy\" decoding=\"async\" width=\"343\" height=\"566\" src=\"https:\/\/www.capacityexpo.com\/wp-content\/uploads\/2023\/07\/Narodni-Muzeum-logo.webp\" class=\"attachment-large size-large wp-image-3502\" alt=\"\" srcset=\"https:\/\/www.capacityexpo.com\/wp-content\/uploads\/2023\/07\/Narodni-Muzeum-logo.webp 343w, https:\/\/www.capacityexpo.com\/wp-content\/uploads\/2023\/07\/Narodni-Muzeum-logo-182x300.webp 182w\" sizes=\"(max-width: 343px) 100vw, 343px\" \/>\t\t\t\t\t\t\t\t\t\t\t\t\t\t\t<\/div>\n\t\t\t\t<\/div>\n\t\t\t\t\t<\/div>\n\t\t<\/div>\n\t\t\t\t\t<\/div>\n\t\t<\/section>\n\t\t\t\t\t<\/div>\n\t\t<\/div>\n\t\t\t\t\t<\/div>\n\t\t<\/section>\n\t\t\t\t<\/div>\n\t\t","protected":false},"excerpt":{"rendered":"<p>Die Dauerausstellung Fenster zur Vorgeschichte zeigt die Entwicklung der Erde im rekonstruierten historischen Geb\u00e4ude des Nationalmuseums in Prag.<\/p>\n","protected":false},"author":14,"featured_media":2153,"comment_status":"closed","ping_status":"closed","sticky":false,"template":"","format":"standard","meta":{"_acf_changed":false,"inline_featured_image":false,"footnotes":""},"categories":[17],"tags":[36],"class_list":["post-2229","post","type-post","status-publish","format-standard","has-post-thumbnail","hentry","category-projekte","tag-highlights-de"],"acf":[],"yoast_head":"<!-- This site is optimized with the Yoast SEO plugin v27.2 - https:\/\/yoast.com\/product\/yoast-seo-wordpress\/ -->\n<title>Nationalmuseum - Fenster zur Vorgeschichte - Capacity Expo<\/title>\n<meta name=\"robots\" content=\"index, follow, max-snippet:-1, max-image-preview:large, max-video-preview:-1\" \/>\n<link rel=\"canonical\" href=\"https:\/\/www.capacityexpo.com\/de\/projekte\/nationalmuseum-fenster-zur-vorgeschichte\/\" \/>\n<meta property=\"og:locale\" content=\"de_DE\" \/>\n<meta property=\"og:type\" content=\"article\" \/>\n<meta property=\"og:title\" content=\"Nationalmuseum - Fenster zur Vorgeschichte - Capacity Expo\" \/>\n<meta property=\"og:description\" content=\"Die Dauerausstellung Fenster zur Vorgeschichte zeigt die Entwicklung der Erde im rekonstruierten historischen Geb\u00e4ude des Nationalmuseums in Prag.\" \/>\n<meta property=\"og:url\" content=\"https:\/\/www.capacityexpo.com\/de\/projekte\/nationalmuseum-fenster-zur-vorgeschichte\/\" \/>\n<meta property=\"og:site_name\" content=\"Capacity Expo\" \/>\n<meta property=\"article:published_time\" content=\"2023-07-19T05:59:45+00:00\" \/>\n<meta property=\"article:modified_time\" content=\"2025-01-08T12:49:38+00:00\" \/>\n<meta property=\"og:image\" content=\"https:\/\/www.capacityexpo.com\/wp-content\/uploads\/nm-okna-do-praveku-9-scaled.jpg\" \/>\n\t<meta property=\"og:image:width\" content=\"1920\" \/>\n\t<meta property=\"og:image:height\" content=\"989\" \/>\n\t<meta property=\"og:image:type\" content=\"image\/jpeg\" \/>\n<meta name=\"author\" content=\"info@capacityexpo.com\" \/>\n<meta name=\"twitter:card\" content=\"summary_large_image\" \/>\n<meta name=\"twitter:label1\" content=\"Verfasst von\" \/>\n\t<meta name=\"twitter:data1\" content=\"info@capacityexpo.com\" \/>\n<script type=\"application\/ld+json\" class=\"yoast-schema-graph\">{\"@context\":\"https:\/\/schema.org\",\"@graph\":[{\"@type\":\"Article\",\"@id\":\"https:\/\/www.capacityexpo.com\/de\/projekte\/nationalmuseum-fenster-zur-vorgeschichte\/#article\",\"isPartOf\":{\"@id\":\"https:\/\/www.capacityexpo.com\/de\/projekte\/nationalmuseum-fenster-zur-vorgeschichte\/\"},\"author\":{\"name\":\"info@capacityexpo.com\",\"@id\":\"https:\/\/www.capacityexpo.com\/#\/schema\/person\/231af3c65c7d047853dd12730c34463f\"},\"headline\":\"Nationalmuseum &#8211; Fenster zur Vorgeschichte\",\"datePublished\":\"2023-07-19T05:59:45+00:00\",\"dateModified\":\"2025-01-08T12:49:38+00:00\",\"mainEntityOfPage\":{\"@id\":\"https:\/\/www.capacityexpo.com\/de\/projekte\/nationalmuseum-fenster-zur-vorgeschichte\/\"},\"wordCount\":55,\"publisher\":{\"@id\":\"https:\/\/www.capacityexpo.com\/#organization\"},\"image\":{\"@id\":\"https:\/\/www.capacityexpo.com\/de\/projekte\/nationalmuseum-fenster-zur-vorgeschichte\/#primaryimage\"},\"thumbnailUrl\":\"https:\/\/www.capacityexpo.com\/wp-content\/uploads\/nm-okna-do-praveku-9-scaled.jpg\",\"keywords\":[\"highlights\"],\"articleSection\":[\"Projekte\"],\"inLanguage\":\"de\"},{\"@type\":\"WebPage\",\"@id\":\"https:\/\/www.capacityexpo.com\/de\/projekte\/nationalmuseum-fenster-zur-vorgeschichte\/\",\"url\":\"https:\/\/www.capacityexpo.com\/de\/projekte\/nationalmuseum-fenster-zur-vorgeschichte\/\",\"name\":\"Nationalmuseum - Fenster zur Vorgeschichte - Capacity Expo\",\"isPartOf\":{\"@id\":\"https:\/\/www.capacityexpo.com\/#website\"},\"primaryImageOfPage\":{\"@id\":\"https:\/\/www.capacityexpo.com\/de\/projekte\/nationalmuseum-fenster-zur-vorgeschichte\/#primaryimage\"},\"image\":{\"@id\":\"https:\/\/www.capacityexpo.com\/de\/projekte\/nationalmuseum-fenster-zur-vorgeschichte\/#primaryimage\"},\"thumbnailUrl\":\"https:\/\/www.capacityexpo.com\/wp-content\/uploads\/nm-okna-do-praveku-9-scaled.jpg\",\"datePublished\":\"2023-07-19T05:59:45+00:00\",\"dateModified\":\"2025-01-08T12:49:38+00:00\",\"breadcrumb\":{\"@id\":\"https:\/\/www.capacityexpo.com\/de\/projekte\/nationalmuseum-fenster-zur-vorgeschichte\/#breadcrumb\"},\"inLanguage\":\"de\",\"potentialAction\":[{\"@type\":\"ReadAction\",\"target\":[\"https:\/\/www.capacityexpo.com\/de\/projekte\/nationalmuseum-fenster-zur-vorgeschichte\/\"]}]},{\"@type\":\"ImageObject\",\"inLanguage\":\"de\",\"@id\":\"https:\/\/www.capacityexpo.com\/de\/projekte\/nationalmuseum-fenster-zur-vorgeschichte\/#primaryimage\",\"url\":\"https:\/\/www.capacityexpo.com\/wp-content\/uploads\/nm-okna-do-praveku-9-scaled.jpg\",\"contentUrl\":\"https:\/\/www.capacityexpo.com\/wp-content\/uploads\/nm-okna-do-praveku-9-scaled.jpg\",\"width\":1920,\"height\":989},{\"@type\":\"BreadcrumbList\",\"@id\":\"https:\/\/www.capacityexpo.com\/de\/projekte\/nationalmuseum-fenster-zur-vorgeschichte\/#breadcrumb\",\"itemListElement\":[{\"@type\":\"ListItem\",\"position\":1,\"name\":\"Dom\u016f\",\"item\":\"https:\/\/www.capacityexpo.com\/\"},{\"@type\":\"ListItem\",\"position\":2,\"name\":\"Nationalmuseum &#8211; Fenster zur Vorgeschichte\"}]},{\"@type\":\"WebSite\",\"@id\":\"https:\/\/www.capacityexpo.com\/#website\",\"url\":\"https:\/\/www.capacityexpo.com\/\",\"name\":\"Capacity Expo\",\"description\":\"Ji\u017e od roku 2014 navrhujeme a realizujeme   muzejn\u00ed a v\u00fdstavn\u00ed expozice\",\"publisher\":{\"@id\":\"https:\/\/www.capacityexpo.com\/#organization\"},\"potentialAction\":[{\"@type\":\"SearchAction\",\"target\":{\"@type\":\"EntryPoint\",\"urlTemplate\":\"https:\/\/www.capacityexpo.com\/?s={search_term_string}\"},\"query-input\":{\"@type\":\"PropertyValueSpecification\",\"valueRequired\":true,\"valueName\":\"search_term_string\"}}],\"inLanguage\":\"de\"},{\"@type\":\"Organization\",\"@id\":\"https:\/\/www.capacityexpo.com\/#organization\",\"name\":\"Capacity Expo\",\"url\":\"https:\/\/www.capacityexpo.com\/\",\"logo\":{\"@type\":\"ImageObject\",\"inLanguage\":\"de\",\"@id\":\"https:\/\/www.capacityexpo.com\/#\/schema\/logo\/image\/\",\"url\":\"https:\/\/www.capacityexpo.com\/wp-content\/uploads\/capacity_expo-logo-oneline.png\",\"contentUrl\":\"https:\/\/www.capacityexpo.com\/wp-content\/uploads\/capacity_expo-logo-oneline.png\",\"width\":2057,\"height\":304,\"caption\":\"Capacity Expo\"},\"image\":{\"@id\":\"https:\/\/www.capacityexpo.com\/#\/schema\/logo\/image\/\"}},{\"@type\":\"Person\",\"@id\":\"https:\/\/www.capacityexpo.com\/#\/schema\/person\/231af3c65c7d047853dd12730c34463f\",\"name\":\"info@capacityexpo.com\",\"image\":{\"@type\":\"ImageObject\",\"inLanguage\":\"de\",\"@id\":\"https:\/\/secure.gravatar.com\/avatar\/349d288b7f58b2de27138b80d8812b9799b6e7fe89b5525ad6b0f64b56c2bd35?s=96&d=mm&r=g\",\"url\":\"https:\/\/secure.gravatar.com\/avatar\/349d288b7f58b2de27138b80d8812b9799b6e7fe89b5525ad6b0f64b56c2bd35?s=96&d=mm&r=g\",\"contentUrl\":\"https:\/\/secure.gravatar.com\/avatar\/349d288b7f58b2de27138b80d8812b9799b6e7fe89b5525ad6b0f64b56c2bd35?s=96&d=mm&r=g\",\"caption\":\"info@capacityexpo.com\"},\"url\":\"https:\/\/www.capacityexpo.com\/de\/author\/infocapacityexpo-com\/\"}]}<\/script>\n<!-- \/ Yoast SEO plugin. -->","yoast_head_json":{"title":"Nationalmuseum - Fenster zur Vorgeschichte - Capacity Expo","robots":{"index":"index","follow":"follow","max-snippet":"max-snippet:-1","max-image-preview":"max-image-preview:large","max-video-preview":"max-video-preview:-1"},"canonical":"https:\/\/www.capacityexpo.com\/de\/projekte\/nationalmuseum-fenster-zur-vorgeschichte\/","og_locale":"de_DE","og_type":"article","og_title":"Nationalmuseum - Fenster zur Vorgeschichte - Capacity Expo","og_description":"Die Dauerausstellung Fenster zur Vorgeschichte zeigt die Entwicklung der Erde im rekonstruierten historischen Geb\u00e4ude des Nationalmuseums in Prag.","og_url":"https:\/\/www.capacityexpo.com\/de\/projekte\/nationalmuseum-fenster-zur-vorgeschichte\/","og_site_name":"Capacity Expo","article_published_time":"2023-07-19T05:59:45+00:00","article_modified_time":"2025-01-08T12:49:38+00:00","og_image":[{"width":1920,"height":989,"url":"https:\/\/www.capacityexpo.com\/wp-content\/uploads\/nm-okna-do-praveku-9-scaled.jpg","type":"image\/jpeg"}],"author":"info@capacityexpo.com","twitter_card":"summary_large_image","twitter_misc":{"Verfasst von":"info@capacityexpo.com"},"schema":{"@context":"https:\/\/schema.org","@graph":[{"@type":"Article","@id":"https:\/\/www.capacityexpo.com\/de\/projekte\/nationalmuseum-fenster-zur-vorgeschichte\/#article","isPartOf":{"@id":"https:\/\/www.capacityexpo.com\/de\/projekte\/nationalmuseum-fenster-zur-vorgeschichte\/"},"author":{"name":"info@capacityexpo.com","@id":"https:\/\/www.capacityexpo.com\/#\/schema\/person\/231af3c65c7d047853dd12730c34463f"},"headline":"Nationalmuseum &#8211; Fenster zur Vorgeschichte","datePublished":"2023-07-19T05:59:45+00:00","dateModified":"2025-01-08T12:49:38+00:00","mainEntityOfPage":{"@id":"https:\/\/www.capacityexpo.com\/de\/projekte\/nationalmuseum-fenster-zur-vorgeschichte\/"},"wordCount":55,"publisher":{"@id":"https:\/\/www.capacityexpo.com\/#organization"},"image":{"@id":"https:\/\/www.capacityexpo.com\/de\/projekte\/nationalmuseum-fenster-zur-vorgeschichte\/#primaryimage"},"thumbnailUrl":"https:\/\/www.capacityexpo.com\/wp-content\/uploads\/nm-okna-do-praveku-9-scaled.jpg","keywords":["highlights"],"articleSection":["Projekte"],"inLanguage":"de"},{"@type":"WebPage","@id":"https:\/\/www.capacityexpo.com\/de\/projekte\/nationalmuseum-fenster-zur-vorgeschichte\/","url":"https:\/\/www.capacityexpo.com\/de\/projekte\/nationalmuseum-fenster-zur-vorgeschichte\/","name":"Nationalmuseum - Fenster zur Vorgeschichte - Capacity Expo","isPartOf":{"@id":"https:\/\/www.capacityexpo.com\/#website"},"primaryImageOfPage":{"@id":"https:\/\/www.capacityexpo.com\/de\/projekte\/nationalmuseum-fenster-zur-vorgeschichte\/#primaryimage"},"image":{"@id":"https:\/\/www.capacityexpo.com\/de\/projekte\/nationalmuseum-fenster-zur-vorgeschichte\/#primaryimage"},"thumbnailUrl":"https:\/\/www.capacityexpo.com\/wp-content\/uploads\/nm-okna-do-praveku-9-scaled.jpg","datePublished":"2023-07-19T05:59:45+00:00","dateModified":"2025-01-08T12:49:38+00:00","breadcrumb":{"@id":"https:\/\/www.capacityexpo.com\/de\/projekte\/nationalmuseum-fenster-zur-vorgeschichte\/#breadcrumb"},"inLanguage":"de","potentialAction":[{"@type":"ReadAction","target":["https:\/\/www.capacityexpo.com\/de\/projekte\/nationalmuseum-fenster-zur-vorgeschichte\/"]}]},{"@type":"ImageObject","inLanguage":"de","@id":"https:\/\/www.capacityexpo.com\/de\/projekte\/nationalmuseum-fenster-zur-vorgeschichte\/#primaryimage","url":"https:\/\/www.capacityexpo.com\/wp-content\/uploads\/nm-okna-do-praveku-9-scaled.jpg","contentUrl":"https:\/\/www.capacityexpo.com\/wp-content\/uploads\/nm-okna-do-praveku-9-scaled.jpg","width":1920,"height":989},{"@type":"BreadcrumbList","@id":"https:\/\/www.capacityexpo.com\/de\/projekte\/nationalmuseum-fenster-zur-vorgeschichte\/#breadcrumb","itemListElement":[{"@type":"ListItem","position":1,"name":"Dom\u016f","item":"https:\/\/www.capacityexpo.com\/"},{"@type":"ListItem","position":2,"name":"Nationalmuseum &#8211; Fenster zur Vorgeschichte"}]},{"@type":"WebSite","@id":"https:\/\/www.capacityexpo.com\/#website","url":"https:\/\/www.capacityexpo.com\/","name":"Capacity Expo","description":"Ji\u017e od roku 2014 navrhujeme a realizujeme   muzejn\u00ed a v\u00fdstavn\u00ed expozice","publisher":{"@id":"https:\/\/www.capacityexpo.com\/#organization"},"potentialAction":[{"@type":"SearchAction","target":{"@type":"EntryPoint","urlTemplate":"https:\/\/www.capacityexpo.com\/?s={search_term_string}"},"query-input":{"@type":"PropertyValueSpecification","valueRequired":true,"valueName":"search_term_string"}}],"inLanguage":"de"},{"@type":"Organization","@id":"https:\/\/www.capacityexpo.com\/#organization","name":"Capacity Expo","url":"https:\/\/www.capacityexpo.com\/","logo":{"@type":"ImageObject","inLanguage":"de","@id":"https:\/\/www.capacityexpo.com\/#\/schema\/logo\/image\/","url":"https:\/\/www.capacityexpo.com\/wp-content\/uploads\/capacity_expo-logo-oneline.png","contentUrl":"https:\/\/www.capacityexpo.com\/wp-content\/uploads\/capacity_expo-logo-oneline.png","width":2057,"height":304,"caption":"Capacity Expo"},"image":{"@id":"https:\/\/www.capacityexpo.com\/#\/schema\/logo\/image\/"}},{"@type":"Person","@id":"https:\/\/www.capacityexpo.com\/#\/schema\/person\/231af3c65c7d047853dd12730c34463f","name":"info@capacityexpo.com","image":{"@type":"ImageObject","inLanguage":"de","@id":"https:\/\/secure.gravatar.com\/avatar\/349d288b7f58b2de27138b80d8812b9799b6e7fe89b5525ad6b0f64b56c2bd35?s=96&d=mm&r=g","url":"https:\/\/secure.gravatar.com\/avatar\/349d288b7f58b2de27138b80d8812b9799b6e7fe89b5525ad6b0f64b56c2bd35?s=96&d=mm&r=g","contentUrl":"https:\/\/secure.gravatar.com\/avatar\/349d288b7f58b2de27138b80d8812b9799b6e7fe89b5525ad6b0f64b56c2bd35?s=96&d=mm&r=g","caption":"info@capacityexpo.com"},"url":"https:\/\/www.capacityexpo.com\/de\/author\/infocapacityexpo-com\/"}]}},"_links":{"self":[{"href":"https:\/\/www.capacityexpo.com\/de\/wp-json\/wp\/v2\/posts\/2229","targetHints":{"allow":["GET"]}}],"collection":[{"href":"https:\/\/www.capacityexpo.com\/de\/wp-json\/wp\/v2\/posts"}],"about":[{"href":"https:\/\/www.capacityexpo.com\/de\/wp-json\/wp\/v2\/types\/post"}],"author":[{"embeddable":true,"href":"https:\/\/www.capacityexpo.com\/de\/wp-json\/wp\/v2\/users\/14"}],"replies":[{"embeddable":true,"href":"https:\/\/www.capacityexpo.com\/de\/wp-json\/wp\/v2\/comments?post=2229"}],"version-history":[{"count":9,"href":"https:\/\/www.capacityexpo.com\/de\/wp-json\/wp\/v2\/posts\/2229\/revisions"}],"predecessor-version":[{"id":4660,"href":"https:\/\/www.capacityexpo.com\/de\/wp-json\/wp\/v2\/posts\/2229\/revisions\/4660"}],"wp:featuredmedia":[{"embeddable":true,"href":"https:\/\/www.capacityexpo.com\/de\/wp-json\/wp\/v2\/media\/2153"}],"wp:attachment":[{"href":"https:\/\/www.capacityexpo.com\/de\/wp-json\/wp\/v2\/media?parent=2229"}],"wp:term":[{"taxonomy":"category","embeddable":true,"href":"https:\/\/www.capacityexpo.com\/de\/wp-json\/wp\/v2\/categories?post=2229"},{"taxonomy":"post_tag","embeddable":true,"href":"https:\/\/www.capacityexpo.com\/de\/wp-json\/wp\/v2\/tags?post=2229"}],"curies":[{"name":"wp","href":"https:\/\/api.w.org\/{rel}","templated":true}]}}